{"id":10007,"date":"2013-12-01T00:00:00","date_gmt":"2013-11-30T23:00:00","guid":{"rendered":"http:\/\/www.multiusos.net\/2013\/12\/01\/este-nadal-volve-o-campus-sar-2-2\/"},"modified":"2013-12-01T00:00:00","modified_gmt":"2013-11-30T23:00:00","slug":"este-nadal-volve-o-campus-sar-2","status":"publish","type":"post","link":"https:\/\/www.multiusos.net\/es\/2013\/12\/01\/este-nadal-volve-o-campus-sar-2\/","title":{"rendered":"Este Nadal volve o Campus Sar!"},"content":{"rendered":"<p><img alt=\"\" class=\"alignleft\" src=\"http:\/\/www.multiusos.net\/wp-content\/uploads\/2013\/12\/CAMPUSSARNADALweb11.jpg\" \/>O Campus Sar regresa \u00e1s instalaci\u00f3ns do Multiusos Fontes do Sar este Nadal. Entre o 23 de decembro e o 3 de xaneiro, en quendas de unha semana, os rapaces poder\u00e1n desfrutar dunha completa programaci\u00f3n con actividades formativas e de lecer.<\/p>\n<p>O Campus Sar Nadal 2013 ter\u00e1 lugar de luns a venres de 8.45 a 14.30. Est\u00e1 destinado a nenos e nenas de entre 4 e 12 anos. As principais actividades do campamento ser\u00e1n p\u00e1del, tenis, ingl\u00e9s e nataci\u00f3n, a\u00ednda que tam\u00e9n haber\u00e1 tempo para o f\u00fatbol, o baile, a psicomotricidade, o baloncesto, o teatro, os xogos cooperativos, contacontos, xogos tradicionais e moito m\u00e1is.<\/p>\n<p>O Campus Sar deste Nadal levarase a cabo no hall de entrada do multiusos, na piscina, pistas de p\u00e1del e tenis e salas de actividades. Contaremos con licenciados en educaci\u00f3n f\u00edsica, monitores de tempo libre, instructores de p\u00e1del, de tenis e de nataci\u00f3n.<\/p>\n<p><strong>INSCRICI\u00d3N<\/strong><br \/>\nDe maneira presencial en calquera das tres recepci\u00f3ns. Dende o 2 de decembro de 2013 s\u00f3 para abonados. A partir do 9 de decembro para non abonados.<\/p>\n<p><strong>PREZOS<\/strong><br \/>\n1 SEMANA: 40\u20ac abonados \/60\u20ac non abonados<br \/>\n2 SEMANAS: 35\u20ac abonados \/55\u20ac non abonados<\/p>\n<p><strong>O NENO QUE ASISTA AO CAMPUS DEBE LEVAR<\/strong><br \/>\nMochila, gafas, muda, ba\u00f1ador, ch\u00e1ndal, merenda, gorro, toalla e roupa deportiva.<\/p>\n","protected":false},"excerpt":{"rendered":"<p>O Campus Sar regresa \u00e1s instalaci\u00f3ns do Multiusos Fontes do Sar este Nadal. Entre o 23 de decembro e o 3 de xaneiro, en quendas de unha semana, os rapaces poder\u00e1n desfrutar dunha completa programaci\u00f3n con actividades formativas e de lecer. O Campus Sar Nadal 2013 ter\u00e1 lugar de luns a venres de 8.45 a&#8230;<\/p>\n","protected":false},"author":1,"featured_media":6382,"comment_status":"open","ping_status":"open","sticky":false,"template":"","format":"standard","meta":[],"categories":[14],"tags":[],"aioseo_notices":[],"_links":{"self":[{"href":"https:\/\/www.multiusos.net\/es\/wp-json\/wp\/v2\/posts\/10007"}],"collection":[{"href":"https:\/\/www.multiusos.net\/es\/wp-json\/wp\/v2\/posts"}],"about":[{"href":"https:\/\/www.multiusos.net\/es\/wp-json\/wp\/v2\/types\/post"}],"author":[{"embeddable":true,"href":"https:\/\/www.multiusos.net\/es\/wp-json\/wp\/v2\/users\/1"}],"replies":[{"embeddable":true,"href":"https:\/\/www.multiusos.net\/es\/wp-json\/wp\/v2\/comments?post=10007"}],"version-history":[{"count":0,"href":"https:\/\/www.multiusos.net\/es\/wp-json\/wp\/v2\/posts\/10007\/revisions"}],"wp:featuredmedia":[{"embeddable":true,"href":"https:\/\/www.multiusos.net\/es\/wp-json\/wp\/v2\/media\/6382"}],"wp:attachment":[{"href":"https:\/\/www.multiusos.net\/es\/wp-json\/wp\/v2\/media?parent=10007"}],"wp:term":[{"taxonomy":"category","embeddable":true,"href":"https:\/\/www.multiusos.net\/es\/wp-json\/wp\/v2\/categories?post=10007"},{"taxonomy":"post_tag","embeddable":true,"href":"https:\/\/www.multiusos.net\/es\/wp-json\/wp\/v2\/tags?post=10007"}],"curies":[{"name":"wp","href":"https:\/\/api.w.org\/{rel}","templated":true}]}}