{"id":10020,"date":"2013-09-15T00:00:00","date_gmt":"2013-09-14T22:00:00","guid":{"rendered":"http:\/\/www.multiusos.net\/2013\/09\/15\/este-domingo-15-de-setembro-e-o-ultimo-dia-de-apertura-das-piscinas-de-veran-fontes-do-sar-2-2\/"},"modified":"2013-09-15T00:00:00","modified_gmt":"2013-09-14T22:00:00","slug":"este-domingo-15-de-setembro-e-o-ultimo-dia-de-apertura-das-piscinas-de-veran-fontes-do-sar-2","status":"publish","type":"post","link":"https:\/\/www.multiusos.net\/es\/2013\/09\/15\/este-domingo-15-de-setembro-e-o-ultimo-dia-de-apertura-das-piscinas-de-veran-fontes-do-sar-2\/","title":{"rendered":"Este domingo, 15 de setembro, \u00e9 o \u00faltimo d\u00eda de apertura das piscinas de ver\u00e1n Fontes do Sar"},"content":{"rendered":"<p><img class=\"alignleft\" src=\"http:\/\/www.multiusos.net\/wp-content\/uploads\/2013\/09\/Piscinassar1.gif\">O domingo 15 de setembro ser\u00e1 o \u00faltimo d\u00eda que os compostel\u00e1ns poder\u00e1n gozar das piscinas de ver\u00e1n Fontes do Sar neste ano 2013. O luns 16, coa instalaci\u00f3n xa pechada ao p\u00fablico, iniciaranse os traballos de acondicionamento de cara ao inverno. <\/p>\n<p>Dende que abriron o 14 de xu\u00f1o, as piscinas de ver\u00e1n rexistraron un total de 36.800 usos, o que sup\u00f3n case 8.000 m\u00e1is que no mesmo per\u00edodo do ano pasado. A semana de maior afluencia coincidiu coa ola de calor, do 4 ao 11 de xullo, cando se chegaron a concentrar m\u00e1is de 1.600 persoas nun s\u00f3 d\u00eda. <\/p>\n<p>O luns 16 de setembro comezarase a acondicionar a piscina de cara ao inverno, un traballo que se centrar\u00e1 na montaxe do globo presost\u00e1tico que recubre a zona e na colocaci\u00f3n de aneis de reforzo para conseguir unha maior estabilidade do globo. <strong>Mentres duren estes traballos, os abonados do Multiusos Fontes do Sar poder\u00e1n empregar as piscinas do Complexo Deportivo Santa Isabel.<\/strong><\/p>\n<p>O luns 1 de outubro volver\u00e1n abrir as piscinas Fontes do Sar na s\u00faa versi\u00f3n de inverno, polo que os abonados do Multiusos poder\u00e1n volver nadar na s\u00faa instalaci\u00f3n habitual. Nesta mesma data dar\u00e1n comezo os cursi\u00f1os de nataci\u00f3n cuadrimestrais que se desenvolver\u00e1n na instalaci\u00f3n de Sar e na piscina do C.D.Santa Isabel.<\/p>\n","protected":false},"excerpt":{"rendered":"<p>O domingo 15 de setembro ser\u00e1 o \u00faltimo d\u00eda que os compostel\u00e1ns poder\u00e1n gozar das piscinas de ver\u00e1n Fontes do Sar neste ano 2013. O luns 16, coa instalaci\u00f3n xa pechada ao p\u00fablico, iniciaranse os traballos de acondicionamento de cara ao inverno. Dende que abriron o 14 de xu\u00f1o, as piscinas de ver\u00e1n rexistraron un&#8230;<\/p>\n","protected":false},"author":1,"featured_media":0,"comment_status":"open","ping_status":"open","sticky":false,"template":"","format":"standard","meta":[],"categories":[14],"tags":[],"aioseo_notices":[],"_links":{"self":[{"href":"https:\/\/www.multiusos.net\/es\/wp-json\/wp\/v2\/posts\/10020"}],"collection":[{"href":"https:\/\/www.multiusos.net\/es\/wp-json\/wp\/v2\/posts"}],"about":[{"href":"https:\/\/www.multiusos.net\/es\/wp-json\/wp\/v2\/types\/post"}],"author":[{"embeddable":true,"href":"https:\/\/www.multiusos.net\/es\/wp-json\/wp\/v2\/users\/1"}],"replies":[{"embeddable":true,"href":"https:\/\/www.multiusos.net\/es\/wp-json\/wp\/v2\/comments?post=10020"}],"version-history":[{"count":0,"href":"https:\/\/www.multiusos.net\/es\/wp-json\/wp\/v2\/posts\/10020\/revisions"}],"wp:attachment":[{"href":"https:\/\/www.multiusos.net\/es\/wp-json\/wp\/v2\/media?parent=10020"}],"wp:term":[{"taxonomy":"category","embeddable":true,"href":"https:\/\/www.multiusos.net\/es\/wp-json\/wp\/v2\/categories?post=10020"},{"taxonomy":"post_tag","embeddable":true,"href":"https:\/\/www.multiusos.net\/es\/wp-json\/wp\/v2\/tags?post=10020"}],"curies":[{"name":"wp","href":"https:\/\/api.w.org\/{rel}","templated":true}]}}