{"id":10085,"date":"2012-08-21T00:00:00","date_gmt":"2012-08-20T22:00:00","guid":{"rendered":"http:\/\/www.multiusos.net\/2012\/08\/21\/gustache-o-trx-en-setembro-ofertamos-novos-cursos-2-2\/"},"modified":"2012-08-21T00:00:00","modified_gmt":"2012-08-20T22:00:00","slug":"gustache-o-trx-en-setembro-ofertamos-novos-cursos-2","status":"publish","type":"post","link":"https:\/\/www.multiusos.net\/es\/2012\/08\/21\/gustache-o-trx-en-setembro-ofertamos-novos-cursos-2\/","title":{"rendered":"G\u00fastache o TRX? En setembro ofertamos novos cursos"},"content":{"rendered":"<p><img class=\"alignleft\" src=\"http:\/\/www.multiusos.net\/wp-content\/uploads\/2012\/08\/TRXweb2.jpg\">TRX \u00e9 o sistema de adestramento en suspensi\u00f3n m\u00e1is famoso do mundo. Moitos atletas de \u00e9lite xa o usan como parte da s\u00faa rutina de entrenamento, pola s\u00faa capacidade de exercitar o corpo dun xeito funcional.<br \/>\nNo mes de setembro os abonados do Complexo Deportivo Santa Isabel e do Multiusos Fontes do Sar poden acudir a clases dirixidas desta disciplina nos seguintes horarios:<\/p>\n<p>Luns e m\u00e9rcores<br \/>\n&#8211; 10:05 hrs<br \/>\n&#8211; 15:00 hrs<br \/>\n&#8211; 16:30 hrs<br \/>\n&#8211; 19:30 hrs<br \/>\n&#8211; 21:30 hrs<\/p>\n<p>Luns e venres<br \/>\n&#8211; 16:00 hrs<\/p>\n<p>Martes e xoves<br \/>\n&#8211; 09:30 hrs<br \/>\n&#8211; 10:30 hrs<br \/>\n&#8211; 11:30 hrs<br \/>\n&#8211; 19:30 hrs<br \/>\n&#8211; 20:15 hrs<br \/>\n&#8211; 21:30 hrs<\/p>\n<p>Para asistir a clases dirixidas de TRX \u00e9 preciso anotarse en recepci\u00f3n do Multiusos Fontes do Sar e abonar o importe correspondiente ao curso mensual: 7,5\u20ac.<br \/>\nBen sexa como complemento ou como alternativa ao traballo de tonificaci\u00f3n, TRX axuda a ga\u00f1ar tono muscular dun xeito r\u00e1pido, efectivo e sobre todo, divertido. \u00c9 perfecto para quenes buscan alg\u00fan obxectivo concreto, ou para os que simplemente queiran manterse en forma.<\/p>\n","protected":false},"excerpt":{"rendered":"<p>TRX \u00e9 o sistema de adestramento en suspensi\u00f3n m\u00e1is famoso do mundo. Moitos atletas de \u00e9lite xa o usan como parte da s\u00faa rutina de entrenamento, pola s\u00faa capacidade de exercitar o corpo dun xeito funcional. No mes de setembro os abonados do Complexo Deportivo Santa Isabel e do Multiusos Fontes do Sar poden acudir&#8230;<\/p>\n","protected":false},"author":1,"featured_media":0,"comment_status":"open","ping_status":"open","sticky":false,"template":"","format":"standard","meta":[],"categories":[14],"tags":[],"aioseo_notices":[],"_links":{"self":[{"href":"https:\/\/www.multiusos.net\/es\/wp-json\/wp\/v2\/posts\/10085"}],"collection":[{"href":"https:\/\/www.multiusos.net\/es\/wp-json\/wp\/v2\/posts"}],"about":[{"href":"https:\/\/www.multiusos.net\/es\/wp-json\/wp\/v2\/types\/post"}],"author":[{"embeddable":true,"href":"https:\/\/www.multiusos.net\/es\/wp-json\/wp\/v2\/users\/1"}],"replies":[{"embeddable":true,"href":"https:\/\/www.multiusos.net\/es\/wp-json\/wp\/v2\/comments?post=10085"}],"version-history":[{"count":0,"href":"https:\/\/www.multiusos.net\/es\/wp-json\/wp\/v2\/posts\/10085\/revisions"}],"wp:attachment":[{"href":"https:\/\/www.multiusos.net\/es\/wp-json\/wp\/v2\/media?parent=10085"}],"wp:term":[{"taxonomy":"category","embeddable":true,"href":"https:\/\/www.multiusos.net\/es\/wp-json\/wp\/v2\/categories?post=10085"},{"taxonomy":"post_tag","embeddable":true,"href":"https:\/\/www.multiusos.net\/es\/wp-json\/wp\/v2\/tags?post=10085"}],"curies":[{"name":"wp","href":"https:\/\/api.w.org\/{rel}","templated":true}]}}