{"id":10103,"date":"2012-05-19T00:00:00","date_gmt":"2012-05-18T22:00:00","guid":{"rendered":"http:\/\/www.multiusos.net\/2012\/05\/19\/nach-pon-musica-na-praza-da-quintana-a-xornada-de-cultura-urbana-das-festas-da-ascension-2-2\/"},"modified":"2014-04-03T13:41:33","modified_gmt":"2014-04-03T11:41:33","slug":"nach-pon-musica-na-praza-da-quintana-a-xornada-de-cultura-urbana-das-festas-da-ascension-2","status":"publish","type":"post","link":"https:\/\/www.multiusos.net\/es\/2012\/05\/19\/nach-pon-musica-na-praza-da-quintana-a-xornada-de-cultura-urbana-das-festas-da-ascension-2\/","title":{"rendered":"NACH pon m\u00fasica na praza da Quintana \u00e1 xornada de cultura urbana das festas da Ascensi\u00f3n"},"content":{"rendered":"<p><img class=\"alignleft\" src=\"http:\/\/www.multiusos.net\/wp-content\/uploads\/2012\/05\/NACHweb.jpg\">A programaci\u00f3n musical das festas da Ascensi\u00f3n completarase o s\u00e1bado 19 coas actuaci\u00f3ns na Quintana de Nach e Erin, organizadas coa colaboraci\u00f3n de XADE e inclu\u00eddas nun programa de Cultura Urbana que se presentar\u00e1 en breve. <strong>O prezo da entrada \u00e9 de 4 euros anticipada + gastos<\/strong> e de 6 euros + gastos o d\u00eda do concerto. P\u00f3dense mercar en Ticketmaster, NovaGaliciaBanco e <a href=\"http:\/\/www.ticktackticket.com\/entradas\/goto.do?claves=.45777\">aqu\u00ed<\/a>. <\/p>\n<p><strong>Teloneiro: ERIN<\/strong><br \/>\nErin comezou a rapear con apenas 11 anos, ga\u00f1ando importantes certames de improvisaci\u00f3n. Da man de QT2M, m\u00edtico grupo de rap de Santiago, comenzou a s\u00faa andadura pisando t\u00e1boas de escenarios. Pero a s\u00faa primeira referencia rem\u00f3ntase a 2007 cunha larga duraci\u00f3n de 14 canci\u00f3ns xunto co produtor Richard en \u2018Desde antes hasta ahora\u2019. Deste LP sa\u00edron temas que son xa himnos nas r\u00faas de Compostela como \u2018Santiago DC\u2019 ou \u2018Fuck the police\u2019. Este ano Erin presenta \u201cEl Trapicista\u201d, un EP de catro cortes con letras reais, letras vacilonas a veces, serias outras. Pr\u00f3ximamente sair\u00e1 \u00e1 luz unha nova mixtape de dancehall e o seu primeiro LP xunto a Hazhe.<\/p>\n<p><strong>NACH<\/strong><br \/>\n\u201cMejor que el silencio\u201d (2011) \u00e9 a nova entrega de Nach, con todo o seu inconfundible car\u00e1cter e fertilidade. Cando parec\u00eda dif\u00edcil seguir escalando na s\u00faa<br \/>\napabullante construci\u00f3n de \u00e9pica l\u00edrica, selo da casa, de novo volve a conseguilo. Tras un excelente 2011 pragado de \u00e9xito e de momentos estelares arrededor do lanzamento deste traballo (Mellor Disco Espa\u00f1ol do Ano segundo os lectores de Hip Hop Nation), NACH foi nominado pola Academia das Artes e as Ciencias Cinematogr\u00e1ficas aos Premios Goya 2012 na categor\u00eda de MELLOR CANCI\u00d3N ORIXINAL POR VERBO, tema central da pel\u00edcula do mismo nome dirixida por Eduardo Chapero-Jackson.<\/p>\n","protected":false},"excerpt":{"rendered":"<p>A programaci\u00f3n musical das festas da Ascensi\u00f3n completarase o s\u00e1bado 19 coas actuaci\u00f3ns na Quintana de Nach e Erin, organizadas coa colaboraci\u00f3n de XADE e inclu\u00eddas nun programa de Cultura Urbana que se presentar\u00e1 en breve. O prezo da entrada \u00e9 de 4 euros anticipada + gastos e de 6 euros + gastos o d\u00eda&#8230;<\/p>\n","protected":false},"author":1,"featured_media":0,"comment_status":"open","ping_status":"open","sticky":false,"template":"","format":"standard","meta":[],"categories":[15],"tags":[],"aioseo_notices":[],"_links":{"self":[{"href":"https:\/\/www.multiusos.net\/es\/wp-json\/wp\/v2\/posts\/10103"}],"collection":[{"href":"https:\/\/www.multiusos.net\/es\/wp-json\/wp\/v2\/posts"}],"about":[{"href":"https:\/\/www.multiusos.net\/es\/wp-json\/wp\/v2\/types\/post"}],"author":[{"embeddable":true,"href":"https:\/\/www.multiusos.net\/es\/wp-json\/wp\/v2\/users\/1"}],"replies":[{"embeddable":true,"href":"https:\/\/www.multiusos.net\/es\/wp-json\/wp\/v2\/comments?post=10103"}],"version-history":[{"count":1,"href":"https:\/\/www.multiusos.net\/es\/wp-json\/wp\/v2\/posts\/10103\/revisions"}],"predecessor-version":[{"id":10606,"href":"https:\/\/www.multiusos.net\/es\/wp-json\/wp\/v2\/posts\/10103\/revisions\/10606"}],"wp:attachment":[{"href":"https:\/\/www.multiusos.net\/es\/wp-json\/wp\/v2\/media?parent=10103"}],"wp:term":[{"taxonomy":"category","embeddable":true,"href":"https:\/\/www.multiusos.net\/es\/wp-json\/wp\/v2\/categories?post=10103"},{"taxonomy":"post_tag","embeddable":true,"href":"https:\/\/www.multiusos.net\/es\/wp-json\/wp\/v2\/tags?post=10103"}],"curies":[{"name":"wp","href":"https:\/\/api.w.org\/{rel}","templated":true}]}}