{"id":10139,"date":"2011-12-19T00:00:00","date_gmt":"2011-12-18T23:00:00","guid":{"rendered":"http:\/\/www.multiusos.net\/2011\/12\/19\/os-dias-7-e-8-de-xaneiro-participa-no-i-torneo-de-padel-de-sar-2-2\/"},"modified":"2014-04-03T13:49:26","modified_gmt":"2014-04-03T11:49:26","slug":"os-dias-7-e-8-de-xaneiro-participa-no-i-torneo-de-padel-de-sar-2","status":"publish","type":"post","link":"https:\/\/www.multiusos.net\/es\/2011\/12\/19\/os-dias-7-e-8-de-xaneiro-participa-no-i-torneo-de-padel-de-sar-2\/","title":{"rendered":"Os d\u00edas 7 e 8 de xaneiro participa no I TORNEO DE P\u00c1DEL DE SAR!"},"content":{"rendered":"<p><img class=\"alignleft\" src=\"http:\/\/www.multiusos.net\/wp-content\/uploads\/2011\/12\/logotorneopadel.jpg\">\u00b7 TORNEO LIBRE<br \/>\n  (As parellas poder\u00e1n ser masculina, femenina ou mixta) con inscrici\u00f3n gratu\u00edta para abonados e 10\u20ac (por parella), para non abonados. <\/p>\n<p>\u00b7 DATA E LUGAR DE CELEBRACI\u00d3N<br \/>\n  S\u00e1bado 7 e domingo 8 de xaneiro de 10:00 a 20:00 horas nas pistas de p\u00e1del de Sar.<\/p>\n<p>\u00b7 PARTICIPANTES<br \/>\n  A partires de 16 anos, cun m\u00e1ximo de 32 parellas.<\/p>\n<p>\u00b7 INSCRICI\u00d3N<br \/>\n  Unha por persoa, de xeito presencial na recepci\u00f3n das piscinas de Sar, dende o luns 19 de decembro ata o m\u00e9rcores 4 de xaneiro en horario de apertura.<\/p>\n<p>\u00b7 FORMATO<br \/>\n  Cadro principal e cadro de consolaci\u00f3n.<\/p>\n<p>\u00b7 SISTEMA DE XOGO<br \/>\n  Eliminatorias con partidos a 9 xogos. As parellas que perdan na primeira ronda pasan ao cadro de consolaci\u00f3n. O resto de partidos \u00e9 eliminaci\u00f3n directa.<\/p>\n<p>\u00b7 PREMIOS<br \/>\n  CADRO PRINCIPAL<br \/>\n1\u00aa CLASIFICADA: trofeo + 2 palas de p\u00e1del + sesi\u00f3n de aparatolox\u00eda est\u00e9tica + 4 clases particulares de p\u00e1del<br \/>\n 2\u00aa CLASIFICADA: trofeo + sesi\u00f3n de aparatolox\u00eda est\u00e9tica + 4 clases particulares de p\u00e1del<\/p>\n<p>  CADRO DE CONSOLACI\u00d3N<br \/>\n1\u00aa CLASIFICADA:  trofeo + 2 clases particulares de p\u00e1del<br \/>\n2\u00aa CLASIFICADA:  trofeo + 2 clases particulares de p\u00e1del<\/p>\n","protected":false},"excerpt":{"rendered":"<p>\u00b7 TORNEO LIBRE (As parellas poder\u00e1n ser masculina, femenina ou mixta) con inscrici\u00f3n gratu\u00edta para abonados e 10\u20ac (por parella), para non abonados. \u00b7 DATA E LUGAR DE CELEBRACI\u00d3N S\u00e1bado 7 e domingo 8 de xaneiro de 10:00 a 20:00 horas nas pistas de p\u00e1del de Sar. \u00b7 PARTICIPANTES A partires de 16 anos, cun&#8230;<\/p>\n","protected":false},"author":1,"featured_media":0,"comment_status":"open","ping_status":"open","sticky":false,"template":"","format":"standard","meta":[],"categories":[14,15],"tags":[],"aioseo_notices":[],"_links":{"self":[{"href":"https:\/\/www.multiusos.net\/es\/wp-json\/wp\/v2\/posts\/10139"}],"collection":[{"href":"https:\/\/www.multiusos.net\/es\/wp-json\/wp\/v2\/posts"}],"about":[{"href":"https:\/\/www.multiusos.net\/es\/wp-json\/wp\/v2\/types\/post"}],"author":[{"embeddable":true,"href":"https:\/\/www.multiusos.net\/es\/wp-json\/wp\/v2\/users\/1"}],"replies":[{"embeddable":true,"href":"https:\/\/www.multiusos.net\/es\/wp-json\/wp\/v2\/comments?post=10139"}],"version-history":[{"count":1,"href":"https:\/\/www.multiusos.net\/es\/wp-json\/wp\/v2\/posts\/10139\/revisions"}],"predecessor-version":[{"id":10642,"href":"https:\/\/www.multiusos.net\/es\/wp-json\/wp\/v2\/posts\/10139\/revisions\/10642"}],"wp:attachment":[{"href":"https:\/\/www.multiusos.net\/es\/wp-json\/wp\/v2\/media?parent=10139"}],"wp:term":[{"taxonomy":"category","embeddable":true,"href":"https:\/\/www.multiusos.net\/es\/wp-json\/wp\/v2\/categories?post=10139"},{"taxonomy":"post_tag","embeddable":true,"href":"https:\/\/www.multiusos.net\/es\/wp-json\/wp\/v2\/tags?post=10139"}],"curies":[{"name":"wp","href":"https:\/\/api.w.org\/{rel}","templated":true}]}}