{"id":10142,"date":"2011-12-02T00:00:00","date_gmt":"2011-12-01T23:00:00","guid":{"rendered":"http:\/\/www.multiusos.net\/2011\/12\/02\/maldita-nerea-en-concerto-no-multiusos-fontes-do-sar-2-2\/"},"modified":"2014-04-03T13:53:00","modified_gmt":"2014-04-03T11:53:00","slug":"maldita-nerea-en-concerto-no-multiusos-fontes-do-sar-2","status":"publish","type":"post","link":"https:\/\/www.multiusos.net\/es\/2011\/12\/02\/maldita-nerea-en-concerto-no-multiusos-fontes-do-sar-2\/","title":{"rendered":"Maldita Nerea, en concerto no Multiusos Fontes do Sar."},"content":{"rendered":"<p><img class=\"alignleft\" src=\"http:\/\/www.multiusos.net\/wp-content\/uploads\/2011\/12\/MALDITANEREAweb.jpg\">Maldita Nerea far\u00e1 parada en Santiago de Compostela para presentar en directo o seu \u00faltimo disco, dentro da s\u00faa xira \u00abF\u00e1cil\u00bb. A cita ser\u00e1 no Multiusos Fontes do Sar o venres 2 de decembro, \u00e1s 21h. <\/p>\n<p>A actuaci\u00f3n do grupo murciano vir\u00e1 precedida no escenario polo grupo invitado Funambulista e a banda madrile\u00f1a Lagarto Amarillo. As localidades para o concerto xa se poden adquirir de xeito anticipado a un prezo de 10 \u20ac + gastos en <a href=\"http:\/\/www.ticketmaster.es\/main\/es\/index.do\">Ticketmaster<\/a> e <a href=\"http:\/\/entradas.novacaixagalicia.es\/portal\/site\/WVIO007\/Detalle?vgnextoid=b93a7a0e98443310VgnVCM100000140d10acRCRD\">na web de NovaGalicia Banco<\/a> e no despacho de localidades do Multiusos a 14 \u20ac. <\/p>\n<p>M\u00e1is informaci\u00f3n <a href=\"http:\/\/www.santiagodecompostela.org\/hoxe\/nova.php?lg=gal&#038;id_nova=7617\">AQU\u00cd<\/a><\/p>\n<p><strong>SERVIZOS DE TRANSPORTE PARA O CONCERTO<\/strong><\/p>\n<p>Det\u00e1llanse de seguido os servizos de transporte urbano con motivo do concerto de \u201cMaldita Nerea\u201d o vindeiro venres 2 de decembro no multiusos Fontes do Sar:<\/p>\n<p>SERVIZO LANZADEIRA desde a r\u00faa de Ram\u00f3n Pi\u00f1eiro (lateral Parlamento de Galicia) ata o multiusos Fontes do Sar a partir das 20.30 h.<br \/>\nA LI\u00d1A C11 (circular de Fonti\u00f1as) accede ao multiusos Fontes do Sar cunha frecuencia de 15 minutos. As paradas m\u00e1is c\u00e9ntricas para acceder a esta li\u00f1a sit\u00faanse na r\u00faa Xeneral Pardi\u00f1as, praza de Galicia, r\u00faa da Ensinanza, r\u00faa Virxe da Cerca e r\u00faa de San Pedro.<br \/>\nA LI\u00d1A C9 (Multiusos Fontes do Sar \u2013 r\u00faa da Rosa \u2013 multiusos Fontes do Sar) accede ao multiusos con frecuencias de entre 30 e 40 minutos ao longo da tarde. As paradas m\u00e1is c\u00e9ntricas para acceder a esta li\u00f1a sit\u00faanse na r\u00faa Virxe da Cerca, r\u00faa Fonte de San Antonio, praza de Galicia e r\u00faa da Rosa.<br \/>\nAo remate do concerto, manterase o SERVIZO LANZADEIRA desde o multiusos con destino \u00e1 r\u00faa de Ram\u00f3n Pi\u00f1eiro (lateral Parlamento de Galicia).<\/p>\n","protected":false},"excerpt":{"rendered":"<p>Maldita Nerea far\u00e1 parada en Santiago de Compostela para presentar en directo o seu \u00faltimo disco, dentro da s\u00faa xira \u00abF\u00e1cil\u00bb. A cita ser\u00e1 no Multiusos Fontes do Sar o venres 2 de decembro, \u00e1s 21h. A actuaci\u00f3n do grupo murciano vir\u00e1 precedida no escenario polo grupo invitado Funambulista e a banda madrile\u00f1a Lagarto Amarillo&#8230;.<\/p>\n","protected":false},"author":1,"featured_media":0,"comment_status":"open","ping_status":"open","sticky":false,"template":"","format":"standard","meta":[],"categories":[15],"tags":[],"aioseo_notices":[],"_links":{"self":[{"href":"https:\/\/www.multiusos.net\/es\/wp-json\/wp\/v2\/posts\/10142"}],"collection":[{"href":"https:\/\/www.multiusos.net\/es\/wp-json\/wp\/v2\/posts"}],"about":[{"href":"https:\/\/www.multiusos.net\/es\/wp-json\/wp\/v2\/types\/post"}],"author":[{"embeddable":true,"href":"https:\/\/www.multiusos.net\/es\/wp-json\/wp\/v2\/users\/1"}],"replies":[{"embeddable":true,"href":"https:\/\/www.multiusos.net\/es\/wp-json\/wp\/v2\/comments?post=10142"}],"version-history":[{"count":1,"href":"https:\/\/www.multiusos.net\/es\/wp-json\/wp\/v2\/posts\/10142\/revisions"}],"predecessor-version":[{"id":10648,"href":"https:\/\/www.multiusos.net\/es\/wp-json\/wp\/v2\/posts\/10142\/revisions\/10648"}],"wp:attachment":[{"href":"https:\/\/www.multiusos.net\/es\/wp-json\/wp\/v2\/media?parent=10142"}],"wp:term":[{"taxonomy":"category","embeddable":true,"href":"https:\/\/www.multiusos.net\/es\/wp-json\/wp\/v2\/categories?post=10142"},{"taxonomy":"post_tag","embeddable":true,"href":"https:\/\/www.multiusos.net\/es\/wp-json\/wp\/v2\/tags?post=10142"}],"curies":[{"name":"wp","href":"https:\/\/api.w.org\/{rel}","templated":true}]}}