{"id":10145,"date":"2011-11-03T00:00:00","date_gmt":"2011-11-02T23:00:00","guid":{"rendered":"http:\/\/www.multiusos.net\/2011\/11\/03\/o-multiusos-fontes-do-sar-acolle-a-i-feira-internacional-do-emprego-2-2\/"},"modified":"2014-04-03T13:53:20","modified_gmt":"2014-04-03T11:53:20","slug":"o-multiusos-fontes-do-sar-acolle-a-i-feira-internacional-do-emprego-2","status":"publish","type":"post","link":"https:\/\/www.multiusos.net\/es\/2011\/11\/03\/o-multiusos-fontes-do-sar-acolle-a-i-feira-internacional-do-emprego-2\/","title":{"rendered":"O Multiusos Fontes do Sar acolle a I Feira Internacional do Emprego"},"content":{"rendered":"<p><img class=\"alignleft\" src=\"http:\/\/www.multiusos.net\/wp-content\/uploads\/2011\/11\/feirainternacionalemprego.jpg\">Durante os d\u00edas 3 e 4 de novembro, o Multiusos Fontes do Sar acolle a primeira edici\u00f3n da Feira Internacional de Emprego, organizada pola Concellar\u00eda de Familia, Benestar Social, Muller e Emprego do Concello de Santiago de Compostela, que pretende converterse nun espazo de encontro e intercambio de informaci\u00f3n entre futuros empregados e as empresas e entidades participantes.<\/p>\n<p><a href=\"http:\/\/www.feiradoempregosantiago.org\/\">M\u00e1is informaci\u00f3n AQU\u00cd<\/a><\/p>\n","protected":false},"excerpt":{"rendered":"<p>Durante os d\u00edas 3 e 4 de novembro, o Multiusos Fontes do Sar acolle a primeira edici\u00f3n da Feira Internacional de Emprego, organizada pola Concellar\u00eda de Familia, Benestar Social, Muller e Emprego do Concello de Santiago de Compostela, que pretende converterse nun espazo de encontro e intercambio de informaci\u00f3n entre futuros empregados e as empresas&#8230;<\/p>\n","protected":false},"author":1,"featured_media":0,"comment_status":"open","ping_status":"open","sticky":false,"template":"","format":"standard","meta":[],"categories":[15],"tags":[],"aioseo_notices":[],"_links":{"self":[{"href":"https:\/\/www.multiusos.net\/es\/wp-json\/wp\/v2\/posts\/10145"}],"collection":[{"href":"https:\/\/www.multiusos.net\/es\/wp-json\/wp\/v2\/posts"}],"about":[{"href":"https:\/\/www.multiusos.net\/es\/wp-json\/wp\/v2\/types\/post"}],"author":[{"embeddable":true,"href":"https:\/\/www.multiusos.net\/es\/wp-json\/wp\/v2\/users\/1"}],"replies":[{"embeddable":true,"href":"https:\/\/www.multiusos.net\/es\/wp-json\/wp\/v2\/comments?post=10145"}],"version-history":[{"count":1,"href":"https:\/\/www.multiusos.net\/es\/wp-json\/wp\/v2\/posts\/10145\/revisions"}],"predecessor-version":[{"id":10654,"href":"https:\/\/www.multiusos.net\/es\/wp-json\/wp\/v2\/posts\/10145\/revisions\/10654"}],"wp:attachment":[{"href":"https:\/\/www.multiusos.net\/es\/wp-json\/wp\/v2\/media?parent=10145"}],"wp:term":[{"taxonomy":"category","embeddable":true,"href":"https:\/\/www.multiusos.net\/es\/wp-json\/wp\/v2\/categories?post=10145"},{"taxonomy":"post_tag","embeddable":true,"href":"https:\/\/www.multiusos.net\/es\/wp-json\/wp\/v2\/tags?post=10145"}],"curies":[{"name":"wp","href":"https:\/\/api.w.org\/{rel}","templated":true}]}}