{"id":10158,"date":"2011-08-01T00:00:00","date_gmt":"2011-07-31T22:00:00","guid":{"rendered":"http:\/\/www.multiusos.net\/2011\/08\/01\/as-festas-do-apostolo-2011-remataron-cunha-homenaxe-a-musica-dos-oitenta-2-2\/"},"modified":"2014-04-03T13:59:07","modified_gmt":"2014-04-03T11:59:07","slug":"as-festas-do-apostolo-2011-remataron-cunha-homenaxe-a-musica-dos-oitenta-2","status":"publish","type":"post","link":"https:\/\/www.multiusos.net\/es\/2011\/08\/01\/as-festas-do-apostolo-2011-remataron-cunha-homenaxe-a-musica-dos-oitenta-2\/","title":{"rendered":"As Festas do Ap\u00f3stolo 2011 remataron cunha homenaxe \u00e1 m\u00fasica dos oitenta"},"content":{"rendered":"<p><img class=\"alignleft\" src=\"http:\/\/www.multiusos.net\/wp-content\/uploads\/2011\/08\/MODESTIAAPARTEweb.jpg\">A recta final das Festas do Ap\u00f3stolo deste ano soou a m\u00fasica dos anos oitenta, con alg\u00fan tinte dos noventa. A noite do 31 de xullo XADE promoveu na praza da Quintana un concerto de acceso gratu\u00edto enmarcado no programa festivo do Concello no que preto de 2.500 persoas corearon moitas das canci\u00f3ns que marcaron unha \u00e9poca no panorama musical espa\u00f1ol.<br \/>\n\u00abCosas de la edad\u00bb, \u00abComo te mueves\u00bb, \u00abTodo es por tu amor\u00bb, \u00abNo me beses en los labios\u00bb, \u00abQuiero un camino\u00bb&#8230; foron tecendo a banda sonora desa noite na Quintana. Os encargados de po\u00f1er en escea o repaso de grandes \u00e9xitos foron TRIBOO POP (grupo de versi\u00f3ns de pop espa\u00f1ol), MODESTIA APARTE, JUANRA ARNAIZ (GUARAN\u00c1)e DYLAN FERRO (MELON DIESEL-TAXI). Logo dun par\u00f3n para o espect\u00e1culo de fogos artificiais COSTAS, ex cantante e compositor de Siniestro Total e Aerol\u00edneas federales, foi quen puxo voz \u00e1 clausura das festas.<\/p>\n","protected":false},"excerpt":{"rendered":"<p>A recta final das Festas do Ap\u00f3stolo deste ano soou a m\u00fasica dos anos oitenta, con alg\u00fan tinte dos noventa. A noite do 31 de xullo XADE promoveu na praza da Quintana un concerto de acceso gratu\u00edto enmarcado no programa festivo do Concello no que preto de 2.500 persoas corearon moitas das canci\u00f3ns que marcaron&#8230;<\/p>\n","protected":false},"author":1,"featured_media":0,"comment_status":"open","ping_status":"open","sticky":false,"template":"","format":"standard","meta":[],"categories":[15],"tags":[],"aioseo_notices":[],"_links":{"self":[{"href":"https:\/\/www.multiusos.net\/es\/wp-json\/wp\/v2\/posts\/10158"}],"collection":[{"href":"https:\/\/www.multiusos.net\/es\/wp-json\/wp\/v2\/posts"}],"about":[{"href":"https:\/\/www.multiusos.net\/es\/wp-json\/wp\/v2\/types\/post"}],"author":[{"embeddable":true,"href":"https:\/\/www.multiusos.net\/es\/wp-json\/wp\/v2\/users\/1"}],"replies":[{"embeddable":true,"href":"https:\/\/www.multiusos.net\/es\/wp-json\/wp\/v2\/comments?post=10158"}],"version-history":[{"count":1,"href":"https:\/\/www.multiusos.net\/es\/wp-json\/wp\/v2\/posts\/10158\/revisions"}],"predecessor-version":[{"id":10664,"href":"https:\/\/www.multiusos.net\/es\/wp-json\/wp\/v2\/posts\/10158\/revisions\/10664"}],"wp:attachment":[{"href":"https:\/\/www.multiusos.net\/es\/wp-json\/wp\/v2\/media?parent=10158"}],"wp:term":[{"taxonomy":"category","embeddable":true,"href":"https:\/\/www.multiusos.net\/es\/wp-json\/wp\/v2\/categories?post=10158"},{"taxonomy":"post_tag","embeddable":true,"href":"https:\/\/www.multiusos.net\/es\/wp-json\/wp\/v2\/tags?post=10158"}],"curies":[{"name":"wp","href":"https:\/\/api.w.org\/{rel}","templated":true}]}}