{"id":10260,"date":"2009-03-30T00:00:00","date_gmt":"2009-03-29T22:00:00","guid":{"rendered":"http:\/\/www.multiusos.net\/2009\/03\/30\/novo-horario-a-partires-do-30-de-marzo-multiestetic-abrira-de-xeito-ininterrumpido-de-9-a-21h-2-2\/"},"modified":"2009-03-30T00:00:00","modified_gmt":"2009-03-29T22:00:00","slug":"novo-horario-a-partires-do-30-de-marzo-multiestetic-abrira-de-xeito-ininterrumpido-de-9-a-21h-2","status":"publish","type":"post","link":"https:\/\/www.multiusos.net\/es\/2009\/03\/30\/novo-horario-a-partires-do-30-de-marzo-multiestetic-abrira-de-xeito-ininterrumpido-de-9-a-21h-2\/","title":{"rendered":"\u00a1NOVO HORARIO! A partires do 30 de marzo MULTIESTETIC abrir\u00e1 de xeito ininterrumpido de 9 a 21h."},"content":{"rendered":"<p><img class=\"alignleft\" src=\"http:\/\/www.multiusos.net\/wp-content\/uploads\/2009\/03\/multiestetic.gif\">MULTIESTETIC muda o seu horario de apertura a partires do luns 30 de marzo. O centro de est\u00e9tica, situado no nivel 1 do Multiusos Fontes do Sar, abrir\u00e1 de luns a venres de xeito ininterrumpido de 9:00 a 21:00h. Se es abonado\/a do Complexo Deportivo Santa Isabel ou do Multiusos Fontes do Sar, lembr\u00e1mosche que gozar\u00e1s dun 20% de desconto en todos os seus servizos, ag\u00e1s no de Neodepilaci\u00f3n e Fotodepilaci\u00f3n, no que se aplicar\u00e1 un 30% de desconto.<br \/>\nEn MULTIESTETIC atopar\u00e1s m\u00faltiples tratamentos de beleza e as \u00faltimas tendencias do mercado: <strong>tratamentos faciais espec\u00edficos, limpeza de cute, presoterapia e electroestimulaci\u00f3n, crioterapia, hidrataci\u00f3n profunda con parafina, peeling integral, aparatolox\u00eda de rexuvenecemento, bronceado sen sol (con aer\u00f3grafo), solarium, depilaci\u00f3n \u00e1 cera, Neodepilac\u00ed\u00f3n l\u00e1ser e Fotodepilaci\u00f3n (servizo ofertado por DEPILCLUB), cosm\u00e9tica termal, algoterapia, t\u00e9 verde e de extracto de baba de caracol<\/strong>&#8230; Amais, por cada compra de produto conseguir\u00e1s sesi\u00f3ns gratis de tratamento con aparatolox\u00eda est\u00e9tica. E ter\u00e1s prezos especiais na plataforma vibratoria Body Coach.<\/p>\n","protected":false},"excerpt":{"rendered":"<p>MULTIESTETIC muda o seu horario de apertura a partires do luns 30 de marzo. O centro de est\u00e9tica, situado no nivel 1 do Multiusos Fontes do Sar, abrir\u00e1 de luns a venres de xeito ininterrumpido de 9:00 a 21:00h. Se es abonado\/a do Complexo Deportivo Santa Isabel ou do Multiusos Fontes do Sar, lembr\u00e1mosche que&#8230;<\/p>\n","protected":false},"author":1,"featured_media":0,"comment_status":"open","ping_status":"open","sticky":false,"template":"","format":"standard","meta":[],"categories":[14],"tags":[],"aioseo_notices":[],"_links":{"self":[{"href":"https:\/\/www.multiusos.net\/es\/wp-json\/wp\/v2\/posts\/10260"}],"collection":[{"href":"https:\/\/www.multiusos.net\/es\/wp-json\/wp\/v2\/posts"}],"about":[{"href":"https:\/\/www.multiusos.net\/es\/wp-json\/wp\/v2\/types\/post"}],"author":[{"embeddable":true,"href":"https:\/\/www.multiusos.net\/es\/wp-json\/wp\/v2\/users\/1"}],"replies":[{"embeddable":true,"href":"https:\/\/www.multiusos.net\/es\/wp-json\/wp\/v2\/comments?post=10260"}],"version-history":[{"count":0,"href":"https:\/\/www.multiusos.net\/es\/wp-json\/wp\/v2\/posts\/10260\/revisions"}],"wp:attachment":[{"href":"https:\/\/www.multiusos.net\/es\/wp-json\/wp\/v2\/media?parent=10260"}],"wp:term":[{"taxonomy":"category","embeddable":true,"href":"https:\/\/www.multiusos.net\/es\/wp-json\/wp\/v2\/categories?post=10260"},{"taxonomy":"post_tag","embeddable":true,"href":"https:\/\/www.multiusos.net\/es\/wp-json\/wp\/v2\/tags?post=10260"}],"curies":[{"name":"wp","href":"https:\/\/api.w.org\/{rel}","templated":true}]}}