{"id":10293,"date":"2007-12-10T00:00:00","date_gmt":"2007-12-09T23:00:00","guid":{"rendered":"http:\/\/www.multiusos.net\/2007\/12\/10\/xa-estan-abertas-as-piscinas-do-sar-2-2\/"},"modified":"2007-12-10T00:00:00","modified_gmt":"2007-12-09T23:00:00","slug":"xa-estan-abertas-as-piscinas-do-sar-2","status":"publish","type":"post","link":"https:\/\/www.multiusos.net\/es\/2007\/12\/10\/xa-estan-abertas-as-piscinas-do-sar-2\/","title":{"rendered":"Xa est\u00e1n abertas as Piscinas do Sar"},"content":{"rendered":"<p><img class=\"alignleft\" src=\"http:\/\/www.multiusos.net\/wp-content\/uploads\/2007\/12\/piscsar.gif\">O luns 10 de decembro, tralo proceso de ampliaci\u00f3n e mellora dos seus vestiarios e a climatizaci\u00f3n do acceso \u00f3 globo presost\u00e1tico, volveronn abrir as Piscinas Fontes do Sar. Nesta data iniciaranse os cursos de nataci\u00f3n semestrais para abonados e para non abonados que se desenvolver\u00e1n nas Piscinas do Sar e do C.D. Santa Isabel, e para os que a\u00ednda contin\u00faa aberto o prazo de inscrici\u00f3n presencial. Amais, a partires do luns o Multi\u00fasos Fontes do Sar ampliar\u00e1 o seu horario de apertura, e comezar\u00e1 a abrir de luns a venres unha hora antes: a partir das sete da ma\u00f1\u00e1. <\/p>\n<p>REAPERTURA DAS PISCINAS FONTES DO SAR<br \/>\nAs Piscinas Fontes do Sar volveron abrir cunha imaxe renovada e actual, pensada para unha maior comodidade do usuario. Durante este tempo reformouse a zona dos vestiarios de inverno e realiz\u00e1ronse melloras no saneamento, co fin de adaptar as instalaci\u00f3ns \u00e1 nova normativa de Sanidade; amais, tam\u00e9n se mellorou o t\u00fanel de acceso \u00f3 globo presost\u00e1tico coas convenientes instalaci\u00f3ns de alumeado, electricidade e climatizaci\u00f3n.<br \/>\nNos vestiarios de inverno das piscinas anteriormente hab\u00eda 12 duchas habilitadas para os usuarios, pero a alta demanda obrigou a colocar un total de 26 duchas regulables en temperatura; antes tan s\u00f3 hab\u00eda un urinario, e no presente van contar con 5; antes exist\u00edan 6 lavabos, e trala remodelaci\u00f3n hai un total de 10; antes hab\u00eda 4 inodoros e agora os usuarios van poder utilizar 15. Amais, engadiuse un vestiario habilitado para cambiar \u00f3s rapaces e \u00e1s rapazas menores de 5 anos, pois antes non se contaba con ning\u00fan lugar pensado exclusivamente para este colectivo. <\/p>\n<p>CURSOS DE NATACI\u00d3N<br \/>\nA partires do 10 de decembro as Piscinas Fontes do Sar e o C.D. Santa Isabel acoller\u00e1n unha nova edici\u00f3n dos cursos de nataci\u00f3n, que desta volta ser\u00e1n semestrais. As persoas que queiran optar a unha a\u00ednda est\u00e1n a tempo de inscrirse de xeito presencial na recepci\u00f3n do Multi\u00fasos e do C.D. Santa Isabel. Hai prazas libres en todas as modalidades: abonados adultos, abonados nenos, non abonados adultos e non abonados nenos. Dependendo do curso, o prezo vai dende os 7,50 euros ata os 42 euros o semestre. Preto de 1.500 persoas xa est\u00e1n apuntadas \u00f3s cursos.<\/p>\n<p>AMPLIACI\u00d3N DE HORARIO DAS INSTALACI\u00d3NS DEPORTIVAS<br \/>\nA partires do luns 10 de decembro, e pensando no benestar e as necesidades dos abonados, as intalaci\u00f3ns deportivas comezar\u00e1n a abrir unha hora antes do habitual. O Multi\u00fasos Fontes do Sar, o C.D. Santa Isabel e as Piscinas do Sar abrir\u00e1n as s\u00faas portas de luns a venres de 7:00 h a 23:00 h, os s\u00e1bados de 09:00 h. a 20:00 h. e os domingos de 9:00 h. a 14:00 h.<\/p>\n","protected":false},"excerpt":{"rendered":"<p>O luns 10 de decembro, tralo proceso de ampliaci\u00f3n e mellora dos seus vestiarios e a climatizaci\u00f3n do acceso \u00f3 globo presost\u00e1tico, volveronn abrir as Piscinas Fontes do Sar. Nesta data iniciaranse os cursos de nataci\u00f3n semestrais para abonados e para non abonados que se desenvolver\u00e1n nas Piscinas do Sar e do C.D. Santa Isabel,&#8230;<\/p>\n","protected":false},"author":1,"featured_media":0,"comment_status":"open","ping_status":"open","sticky":false,"template":"","format":"standard","meta":[],"categories":[14],"tags":[],"aioseo_notices":[],"_links":{"self":[{"href":"https:\/\/www.multiusos.net\/es\/wp-json\/wp\/v2\/posts\/10293"}],"collection":[{"href":"https:\/\/www.multiusos.net\/es\/wp-json\/wp\/v2\/posts"}],"about":[{"href":"https:\/\/www.multiusos.net\/es\/wp-json\/wp\/v2\/types\/post"}],"author":[{"embeddable":true,"href":"https:\/\/www.multiusos.net\/es\/wp-json\/wp\/v2\/users\/1"}],"replies":[{"embeddable":true,"href":"https:\/\/www.multiusos.net\/es\/wp-json\/wp\/v2\/comments?post=10293"}],"version-history":[{"count":0,"href":"https:\/\/www.multiusos.net\/es\/wp-json\/wp\/v2\/posts\/10293\/revisions"}],"wp:attachment":[{"href":"https:\/\/www.multiusos.net\/es\/wp-json\/wp\/v2\/media?parent=10293"}],"wp:term":[{"taxonomy":"category","embeddable":true,"href":"https:\/\/www.multiusos.net\/es\/wp-json\/wp\/v2\/categories?post=10293"},{"taxonomy":"post_tag","embeddable":true,"href":"https:\/\/www.multiusos.net\/es\/wp-json\/wp\/v2\/tags?post=10293"}],"curies":[{"name":"wp","href":"https:\/\/api.w.org\/{rel}","templated":true}]}}