{"id":10844,"date":"2014-06-23T00:00:00","date_gmt":"2014-06-22T22:00:00","guid":{"rendered":"http:\/\/www.multiusos.net\/2014\/06\/23\/xa-aberta-a-inscricion-para-o-campus-sar-deste-veran-dende-35esemana-e-agora-posibilidade-de-ampliacion-de-8-a-15h-2\/"},"modified":"2014-10-27T19:31:12","modified_gmt":"2014-10-27T18:31:12","slug":"xa-aberta-a-inscricion-para-o-campus-sar-deste-veran-dende-35esemana-e-agora-posibilidade-de-ampliacion-de-8-a-15h","status":"publish","type":"post","link":"https:\/\/www.multiusos.net\/es\/2014\/06\/23\/xa-aberta-a-inscricion-para-o-campus-sar-deste-veran-dende-35esemana-e-agora-posibilidade-de-ampliacion-de-8-a-15h\/","title":{"rendered":"Xa aberta a inscrici\u00f3n para o Campus Sar deste ver\u00e1n. Dende 35\u20ac\/semana! E agora, posibilidade de ampliaci\u00f3n de 8 a 15h."},"content":{"rendered":"<p><a href=\"http:\/\/www.multiusos.net\/wp-content\/uploads\/2014\/06\/campusveranWEB.jpg\"><img loading=\"lazy\" class=\"alignleft wp-image-10805 size-full\" src=\"http:\/\/www.multiusos.net\/wp-content\/uploads\/2014\/06\/campusveranWEB.jpg\" alt=\"campusveranWEB\" width=\"259\" height=\"259\" srcset=\"https:\/\/www.multiusos.net\/wp-content\/uploads\/2014\/06\/campusveranWEB.jpg 259w, https:\/\/www.multiusos.net\/wp-content\/uploads\/2014\/06\/campusveranWEB-150x150.jpg 150w, https:\/\/www.multiusos.net\/wp-content\/uploads\/2014\/06\/campusveranWEB-207x207.jpg 207w, https:\/\/www.multiusos.net\/wp-content\/uploads\/2014\/06\/campusveranWEB-75x75.jpg 75w\" sizes=\"(max-width: 259px) 100vw, 259px\" \/><\/a><\/p>\n<p>Este ver\u00e1n os nenos e nenas de Compostela poder\u00e1n volver desfrutar da programaci\u00f3n multidisciplinar do Campus Sar, que ter\u00e1 lugar no Multiusos Fontes do Sar entre o 23 de xu\u00f1o e o 5 de setembro en quendas semanais. O tenis, o p\u00e1del, a nataci\u00f3n, o ingl\u00e9s e os obradoiros centrar\u00e1n a formaci\u00f3n e o entretemento dos m\u00e1is pequenos, a\u00ednda que tam\u00e9n haber\u00e1 momento para outras actividades como o f\u00fatbol sala, o baloncesto, o baile, os xogos cooperativos, etc. O campamento estival est\u00e1 destinado aos rapaces e rapazas de entre 4 e 12 anos de idade. As actividades desenvolveranse nas piscinas, pistas de p\u00e1del e tenis de Sar, no hall de entrada, pistas central e polideportiva, e salas de actividades do Multiusos de luns a venres entre as 8:45h e as 14:30h, pero <strong>por primeira vez este ano existe a posibilidade de ampliar o horario de 8 a 15 horas para quen o desexe, pagando un sumplemento que vai dende os 5\u20ac\/semana<\/strong>.<\/p>\n<p><strong>D\u00eda tipo no Campus<\/strong><br \/>\n8:45-9:15. Recepci\u00f3n dos rapaces no hall de entrada do Multiusos. 9:15-11:15. Ingl\u00e9s, actividades deportivas, xogos, obradoiros. 11:30-13:00. Nataci\u00f3n e merenda. 13:00-14:00. P\u00e1del e tenis. 14:00-14:30. Recollida na pista de tenis. En p\u00e1del, tenis e nataci\u00f3n faranse grupos de traballo en funci\u00f3n dos niveis, con clases de iniciaci\u00f3n e perfeccionamento en cada disciplina. As clases de ingl\u00e9s seguir\u00e1n unha metodolox\u00eda adaptada \u00e1s idades e o nivel dos rapaces. O campus contar\u00e1 coa presenza de profesionais con formaci\u00f3n espec\u00edfica en cada \u00e1rea, entre os que se contan licenciados en educaci\u00f3n f\u00edsica, monitores de tempo libre, instructores de p\u00e1del, de tenis e de nataci\u00f3n, e profesor de ingl\u00e9s. Amais de favorecer a conciliaci\u00f3n familiar, entre os obxectivos do Campus Sar est\u00e1n que os nenos poidan co\u00f1ecer e practicar diversos deportes; mellorar en determinadas disciplinas, coma o tenis, a nataci\u00f3n, etc; descubrir diferentes formas de divertimento, cooperaci\u00f3n e traballo en equipo; e fomentar que os alumnos desfruten e te\u00f1an unha experiencia positiva.<\/p>\n<p><strong>Xa est\u00e1 aberto o per\u00edodo de inscrici\u00f3n. Os interesados deber\u00e1n anotarse de forma presencial na recepci\u00f3n do Multiusos Fontes do Sar, nas Piscinas Fontes do Sar e no Complexo Deportivo Santa Isabel. Os prezos son os seguintes: <\/strong><\/p>\n<ul>\n<li>1 semana: abonados 42\u20ac \/ non abonados 62\u20ac<\/li>\n<li>2 semanas: abonados 80\u20ac \/ non abonados 120\u20ac<\/li>\n<li>3 semanas: abonados 114\u20ac \/ non abonados 174\u20ac<\/li>\n<li>4 semanas: abonados 140\u20ac \/ non abonados 220\u20ac<\/li>\n<\/ul>\n<p>Se desexas m\u00e1is informaci\u00f3n podes consultarnos en recepci\u00f3n das instalaci\u00f3ns, escribirnos un correo a campussar@multiusos.net ou chamarnos ao tel\u00e9fono 981 568 160.<\/p>\n<p><a href=\"http:\/\/www.multiusos.net\/wp-content\/uploads\/2014\/06\/INSCRICIONCAMPUSVERAN2014.pdf\">Descarga aqu\u00ed o FOLLETO do Campus Sar do ver\u00e1n 2014<\/a><\/p>\n<p><a href=\"http:\/\/www.multiusos.net\/wp-content\/uploads\/2014\/06\/FOLLETOCAMPUSVERAN2014.pdf\">Descarga aqu\u00ed a FOLLA DE INSCRICI\u00d3N<\/a><\/p>\n","protected":false},"excerpt":{"rendered":"<p>Este ver\u00e1n os nenos e nenas de Compostela poder\u00e1n volver desfrutar da programaci\u00f3n multidisciplinar do Campus Sar, que ter\u00e1 lugar no Multiusos Fontes do Sar entre o 23 de xu\u00f1o e o 5 de setembro en quendas semanais. O tenis, o p\u00e1del, a nataci\u00f3n, o ingl\u00e9s e os obradoiros centrar\u00e1n a formaci\u00f3n e o entretemento&#8230;<\/p>\n","protected":false},"author":1,"featured_media":10805,"comment_status":"closed","ping_status":"closed","sticky":false,"template":"","format":"standard","meta":[],"categories":[16],"tags":[],"aioseo_notices":[],"_links":{"self":[{"href":"https:\/\/www.multiusos.net\/es\/wp-json\/wp\/v2\/posts\/10844"}],"collection":[{"href":"https:\/\/www.multiusos.net\/es\/wp-json\/wp\/v2\/posts"}],"about":[{"href":"https:\/\/www.multiusos.net\/es\/wp-json\/wp\/v2\/types\/post"}],"author":[{"embeddable":true,"href":"https:\/\/www.multiusos.net\/es\/wp-json\/wp\/v2\/users\/1"}],"replies":[{"embeddable":true,"href":"https:\/\/www.multiusos.net\/es\/wp-json\/wp\/v2\/comments?post=10844"}],"version-history":[{"count":2,"href":"https:\/\/www.multiusos.net\/es\/wp-json\/wp\/v2\/posts\/10844\/revisions"}],"predecessor-version":[{"id":10919,"href":"https:\/\/www.multiusos.net\/es\/wp-json\/wp\/v2\/posts\/10844\/revisions\/10919"}],"wp:featuredmedia":[{"embeddable":true,"href":"https:\/\/www.multiusos.net\/es\/wp-json\/wp\/v2\/media\/10805"}],"wp:attachment":[{"href":"https:\/\/www.multiusos.net\/es\/wp-json\/wp\/v2\/media?parent=10844"}],"wp:term":[{"taxonomy":"category","embeddable":true,"href":"https:\/\/www.multiusos.net\/es\/wp-json\/wp\/v2\/categories?post=10844"},{"taxonomy":"post_tag","embeddable":true,"href":"https:\/\/www.multiusos.net\/es\/wp-json\/wp\/v2\/tags?post=10844"}],"curies":[{"name":"wp","href":"https:\/\/api.w.org\/{rel}","templated":true}]}}