{"id":10846,"date":"2014-06-14T00:00:00","date_gmt":"2014-06-13T22:00:00","guid":{"rendered":"http:\/\/www.multiusos.net\/2014\/06\/14\/melendi-ofrecera-este-sabado-no-multiusos-o-seu-unico-concerto-programado-en-galicia-2\/"},"modified":"2014-10-27T19:31:23","modified_gmt":"2014-10-27T18:31:23","slug":"melendi-ofrecera-este-sabado-no-multiusos-o-seu-unico-concerto-programado-en-galicia","status":"publish","type":"post","link":"https:\/\/www.multiusos.net\/es\/2014\/06\/14\/melendi-ofrecera-este-sabado-no-multiusos-o-seu-unico-concerto-programado-en-galicia\/","title":{"rendered":"MELENDI ofrecer\u00e1 este s\u00e1bado no Multiusos o seu \u00fanico concerto programado en Galicia"},"content":{"rendered":"<p><a href=\"http:\/\/www.multiusos.net\/wp-content\/uploads\/2014\/06\/MELENDIweb2.jpg\"><img loading=\"lazy\" class=\"aligncenter size-full wp-image-10813\" src=\"http:\/\/www.multiusos.net\/wp-content\/uploads\/2014\/06\/MELENDIweb2.jpg\" alt=\"MELENDIweb\" width=\"259\" height=\"259\" srcset=\"https:\/\/www.multiusos.net\/wp-content\/uploads\/2014\/06\/MELENDIweb2.jpg 259w, https:\/\/www.multiusos.net\/wp-content\/uploads\/2014\/06\/MELENDIweb2-150x150.jpg 150w, https:\/\/www.multiusos.net\/wp-content\/uploads\/2014\/06\/MELENDIweb2-207x207.jpg 207w, https:\/\/www.multiusos.net\/wp-content\/uploads\/2014\/06\/MELENDIweb2-75x75.jpg 75w\" sizes=\"(max-width: 259px) 100vw, 259px\" \/><\/a><\/p>\n<p>O asturiano Melendi celebra neste ano 2014 unha d\u00e9cada de \u00e9xitos sobre os escenarios, e para conmemoralo ten preparada unha xira de concertos que far\u00e1 unha \u00fanica parada en Galicia, no compostel\u00e1n Multiusos Fontes do Sar. Ser\u00e1 o s\u00e1bado 14 de xu\u00f1o a partir das 22 horas. A entrada anticipada, a un prezo de 22\u20ac + gastos, p\u00f3dese adquirir a trav\u00e9s da web www.entradas.com, no servizo de ticketing de Novagalicia Banco, na recepci\u00f3n do Multiusos Fontes do Sar e no punto de atenci\u00f3n ao cliente do centro comercial As Cancelas, na planta 0, en horario de luns a s\u00e1bado de 10:00 a 21:00 horas.<\/p>\n<p>O cantantautor nacido en Oviedo ofrecer\u00e1 d\u00faas horas de actuaci\u00f3n cunha espectacular posta en escena de luces e son. O seu concerto ser\u00e1 un repaso por todos os grandes \u00e9xitos da s\u00faa carreira, dende os m\u00e1is actuais aos dos inicios, como \u00abCaminando por la vida\u00bb, \u00abSin noticias de Holanda\u00bb, \u00abEl Informe del Forense\u00bb, \u00abDesde mi ventana\u00bb, \u00abUn recuerdo que olvidar\u00bb, \u00abNovia a la fuga\u00bb, \u00abGangs of London\u00bb, \u00abKisiera yo saber\u00bb&#8230; E moitas outras que Melendi non toca en directo nos \u00faltimos anos e que ser\u00e1n unha homenaxe a todos os seguidores que despois de tanto tempo seguen asistindo aos seus concertos coa mesma enerx\u00eda que en 2004. Melendi conta con 6 discos no mercado e m\u00e1is de 1.500.000 copias vendidas. No seu percorrido musical ten recollido multitude de galard\u00f3ns, como o premio Ondas, o premio da M\u00fasica ou premios 40 Principales.<\/p>\n<p><strong>Servizo de transporte urbano<\/strong><br \/>\nCon motivo do concerto o s\u00e1bado haber\u00e1 un SERVIZO LANZADEIRA de xeito continuado, a partir das 19:00 e ata as 22:00, hora de inicio do concerto. O punto de sa\u00edda ser\u00e1 a r\u00faa de Ram\u00f3n Pi\u00f1eiro, no lateral do Parlamento de Galicia. Amais, para chegar tam\u00e9n se poder\u00e1 optar polas seguintes li\u00f1as: \u2022 LI\u00d1A C11 (circular de Fonti\u00f1as): acceder\u00e1 ao multiusos Fontes do Sar en todas as sa\u00eddas do Centro Comercial As Cancelas comprendidas entre as 18:45 e as 21:15. Esta li\u00f1a conta cunha frecuencia de 15 minutos ao longo de todo o d\u00eda. As paradas m\u00e1is c\u00e9ntricas para acceder a ela sit\u00faanse na r\u00faa Xeneral Pardi\u00f1as (paradas 673 e 674), praza de Galicia direcci\u00f3n Norte (parada 409), r\u00faa da Ensinanza (parada 228) e r\u00faa Virxe da Cerca n\u00ba 10 (parada 662). \u2022 LI\u00d1A C5 (pol\u00edgono de Costa Vella \u2013 Amio \u2013 Fonti\u00f1as \u2013 praza de Galicia \u2013 Paxonal \u2013 multiusos Fontes de Sar \u2013 Amio \u2013 pol\u00edgono de Costa Vella): esta li\u00f1a funciona ao longo de todo o d\u00eda cunha frecuencia de 60 minutos, servindo tam\u00e9n de alternativa para chegar ao multiusos desde o centro da cidade ou das zonas de Amio e Paxonal. As sa\u00eddas do pol\u00edgono son \u00e1s e media de cada hora, e as paradas m\u00e1is c\u00e9ntricas para acceder a ela sit\u00faanse na r\u00faa Virxe da Cerca (parada 661), r\u00faa Fonte de San Antonio n\u00ba 3 (parada 247), praza de Galicia direcci\u00f3n Sur (parada 410) e r\u00faa da Rosa (parada 479). Ao remate do concerto, manterase o SERVIZO LANZADEIRA desde o multiusos con destino \u00e1 r\u00faa de Ram\u00f3n Pi\u00f1eiro (lateral do Parlamento de Galicia).<\/p>\n","protected":false},"excerpt":{"rendered":"<p>O asturiano Melendi celebra neste ano 2014 unha d\u00e9cada de \u00e9xitos sobre os escenarios, e para conmemoralo ten preparada unha xira de concertos que far\u00e1 unha \u00fanica parada en Galicia, no compostel\u00e1n Multiusos Fontes do Sar. Ser\u00e1 o s\u00e1bado 14 de xu\u00f1o a partir das 22 horas. A entrada anticipada, a un prezo de 22\u20ac&#8230;<\/p>\n","protected":false},"author":1,"featured_media":0,"comment_status":"closed","ping_status":"closed","sticky":false,"template":"","format":"standard","meta":[],"categories":[15],"tags":[],"aioseo_notices":[],"_links":{"self":[{"href":"https:\/\/www.multiusos.net\/es\/wp-json\/wp\/v2\/posts\/10846"}],"collection":[{"href":"https:\/\/www.multiusos.net\/es\/wp-json\/wp\/v2\/posts"}],"about":[{"href":"https:\/\/www.multiusos.net\/es\/wp-json\/wp\/v2\/types\/post"}],"author":[{"embeddable":true,"href":"https:\/\/www.multiusos.net\/es\/wp-json\/wp\/v2\/users\/1"}],"replies":[{"embeddable":true,"href":"https:\/\/www.multiusos.net\/es\/wp-json\/wp\/v2\/comments?post=10846"}],"version-history":[{"count":1,"href":"https:\/\/www.multiusos.net\/es\/wp-json\/wp\/v2\/posts\/10846\/revisions"}],"predecessor-version":[{"id":11449,"href":"https:\/\/www.multiusos.net\/es\/wp-json\/wp\/v2\/posts\/10846\/revisions\/11449"}],"wp:attachment":[{"href":"https:\/\/www.multiusos.net\/es\/wp-json\/wp\/v2\/media?parent=10846"}],"wp:term":[{"taxonomy":"category","embeddable":true,"href":"https:\/\/www.multiusos.net\/es\/wp-json\/wp\/v2\/categories?post=10846"},{"taxonomy":"post_tag","embeddable":true,"href":"https:\/\/www.multiusos.net\/es\/wp-json\/wp\/v2\/tags?post=10846"}],"curies":[{"name":"wp","href":"https:\/\/api.w.org\/{rel}","templated":true}]}}