{"id":10848,"date":"2014-06-07T00:00:00","date_gmt":"2014-06-06T22:00:00","guid":{"rendered":"http:\/\/www.multiusos.net\/2014\/06\/07\/cancelado-o-concerto-de-bunbury-previsto-para-o-sabado-7-de-xuno-2\/"},"modified":"2014-10-27T19:31:33","modified_gmt":"2014-10-27T18:31:33","slug":"cancelado-o-concerto-de-bunbury-previsto-para-o-sabado-7-de-xuno","status":"publish","type":"post","link":"https:\/\/www.multiusos.net\/es\/2014\/06\/07\/cancelado-o-concerto-de-bunbury-previsto-para-o-sabado-7-de-xuno\/","title":{"rendered":"CANCELADO o concerto de Bunbury previsto para o s\u00e1bado 7 de xu\u00f1o"},"content":{"rendered":"<p><a href=\"http:\/\/www.multiusos.net\/wp-content\/uploads\/2014\/06\/BUNBURYweb11.jpg\"><img loading=\"lazy\" class=\"aligncenter size-full wp-image-9815\" src=\"http:\/\/www.multiusos.net\/wp-content\/uploads\/2014\/06\/BUNBURYweb11.jpg\" alt=\"\" width=\"259\" height=\"259\" srcset=\"https:\/\/www.multiusos.net\/wp-content\/uploads\/2014\/06\/BUNBURYweb11.jpg 259w, https:\/\/www.multiusos.net\/wp-content\/uploads\/2014\/06\/BUNBURYweb11-150x150.jpg 150w, https:\/\/www.multiusos.net\/wp-content\/uploads\/2014\/06\/BUNBURYweb11-207x207.jpg 207w, https:\/\/www.multiusos.net\/wp-content\/uploads\/2014\/06\/BUNBURYweb11-75x75.jpg 75w\" sizes=\"(max-width: 259px) 100vw, 259px\" \/><\/a><\/p>\n<p>O concerto que BUNBURY ti\u00f1a previsto ofrecer o s\u00e1bado 7 de xu\u00f1o no Multiusos Fontes do Sar queda cancelado por raz\u00f3ns alleas \u00e1 organizaci\u00f3n. Segundo indica o artista, susp\u00e9ndense as catro primeiras citas inclu\u00eddas na xira, entre elas Santiago, debido aos problemas de sa\u00fade do guitarrista da banda, Jordi Mena, quen ter\u00e1 que ser operado \u00abde urxencia\u00bb este m\u00e9rcores. O procedemento para a devoluci\u00f3n do importe das entradas adquiridas ser\u00e1 o seguinte:<\/p>\n<p><strong>Ticketmaster:<\/strong><br \/>\n&#8211; compra WEB e TELEF\u00d3NICA: a devoluci\u00f3n realizarase na mesma tarxeta coa que se realizou a compra. &#8211; compra en TENDAS: o cliente debe achegarse ao punto de venda para que dende al\u00ed lle abonen o importe da s\u00faa entrada.<\/p>\n<p><strong>Marcaentradas.com<\/strong><br \/>\nA devoluci\u00f3n do importe das entradas adquiridas en www.marcaentradas.com para o evento cancelado realizarase sobre a mesma tarxeta coa que se realizou a compra. Dita devoluci\u00f3n farase a partir de ma\u00f1\u00e1n 4 de xu\u00f1o e a ver\u00e1n reflexada nos extractos da s\u00faa tarxeta en breve. O artista transmitiu este comunicado a trav\u00e9s das redes sociais: \u00abA quien corresponda e interese: Las \u00faltimas horas en el seno de \u201cLos Santos Inocentes\u201d, mi banda de apoyo, han sido muy duras y complicadas. Finalmente, mi amigo y guitarrista de la banda, Jordi Mena, ser\u00e1 operado de urgencia, ma\u00f1ana 4 de junio, por la ma\u00f1ana. Hoy no pudimos asistir a la rueda de prensa que hab\u00edamos convocado para presentar la gira espa\u00f1ola de PALOSANTO. Pido disculpas por avisar a nuestros compa\u00f1eros periodistas y fot\u00f3grafos con tan escaso margen de tiempo. En cuanto a los conciertos de la gira, definitivamente, nos resultar\u00e1 imposible realizar los primeros shows en Valladolid, Santiago de Compostela, Granada y Sevilla. El resto del Tour, sigue tal y como estaba previsto. Espero sepan entender la desgracia que supone para nosotros una cancelaci\u00f3n. Pedimos respeto y disculpas a los afectados. Enrique Bunbury\u00bb<\/p>\n","protected":false},"excerpt":{"rendered":"<p>O concerto que BUNBURY ti\u00f1a previsto ofrecer o s\u00e1bado 7 de xu\u00f1o no Multiusos Fontes do Sar queda cancelado por raz\u00f3ns alleas \u00e1 organizaci\u00f3n. Segundo indica o artista, susp\u00e9ndense as catro primeiras citas inclu\u00eddas na xira, entre elas Santiago, debido aos problemas de sa\u00fade do guitarrista da banda, Jordi Mena, quen ter\u00e1 que ser operado&#8230;<\/p>\n","protected":false},"author":1,"featured_media":0,"comment_status":"closed","ping_status":"closed","sticky":false,"template":"","format":"standard","meta":[],"categories":[15],"tags":[],"aioseo_notices":[],"_links":{"self":[{"href":"https:\/\/www.multiusos.net\/es\/wp-json\/wp\/v2\/posts\/10848"}],"collection":[{"href":"https:\/\/www.multiusos.net\/es\/wp-json\/wp\/v2\/posts"}],"about":[{"href":"https:\/\/www.multiusos.net\/es\/wp-json\/wp\/v2\/types\/post"}],"author":[{"embeddable":true,"href":"https:\/\/www.multiusos.net\/es\/wp-json\/wp\/v2\/users\/1"}],"replies":[{"embeddable":true,"href":"https:\/\/www.multiusos.net\/es\/wp-json\/wp\/v2\/comments?post=10848"}],"version-history":[{"count":1,"href":"https:\/\/www.multiusos.net\/es\/wp-json\/wp\/v2\/posts\/10848\/revisions"}],"predecessor-version":[{"id":11489,"href":"https:\/\/www.multiusos.net\/es\/wp-json\/wp\/v2\/posts\/10848\/revisions\/11489"}],"wp:attachment":[{"href":"https:\/\/www.multiusos.net\/es\/wp-json\/wp\/v2\/media?parent=10848"}],"wp:term":[{"taxonomy":"category","embeddable":true,"href":"https:\/\/www.multiusos.net\/es\/wp-json\/wp\/v2\/categories?post=10848"},{"taxonomy":"post_tag","embeddable":true,"href":"https:\/\/www.multiusos.net\/es\/wp-json\/wp\/v2\/tags?post=10848"}],"curies":[{"name":"wp","href":"https:\/\/api.w.org\/{rel}","templated":true}]}}