{"id":10850,"date":"2014-05-16T00:00:00","date_gmt":"2014-05-15T22:00:00","guid":{"rendered":"http:\/\/www.multiusos.net\/2014\/05\/16\/este-venres-16-de-maio-o-multiusos-acolle-o-dia-internacional-da-familia-organizado-pola-concelleria-de-familia-e-benestar-social-2\/"},"modified":"2014-10-27T19:31:39","modified_gmt":"2014-10-27T18:31:39","slug":"este-venres-16-de-maio-o-multiusos-acolle-o-dia-internacional-da-familia-organizado-pola-concelleria-de-familia-e-benestar-social","status":"publish","type":"post","link":"https:\/\/www.multiusos.net\/es\/2014\/05\/16\/este-venres-16-de-maio-o-multiusos-acolle-o-dia-internacional-da-familia-organizado-pola-concelleria-de-familia-e-benestar-social\/","title":{"rendered":"Este venres 16 de maio o Multiusos acolle o D\u00eda Internacional da Familia, organizado pola Conceller\u00eda de Familia e Benestar Social"},"content":{"rendered":"<p><a href=\"http:\/\/www.multiusos.net\/wp-content\/uploads\/2014\/05\/FAMILIAweb.jpg\"><img loading=\"lazy\" class=\"aligncenter size-full wp-image-10819\" src=\"http:\/\/www.multiusos.net\/wp-content\/uploads\/2014\/05\/FAMILIAweb.jpg\" alt=\"FAMILIAweb\" width=\"259\" height=\"259\" srcset=\"https:\/\/www.multiusos.net\/wp-content\/uploads\/2014\/05\/FAMILIAweb.jpg 259w, https:\/\/www.multiusos.net\/wp-content\/uploads\/2014\/05\/FAMILIAweb-150x150.jpg 150w, https:\/\/www.multiusos.net\/wp-content\/uploads\/2014\/05\/FAMILIAweb-207x207.jpg 207w, https:\/\/www.multiusos.net\/wp-content\/uploads\/2014\/05\/FAMILIAweb-75x75.jpg 75w\" sizes=\"(max-width: 259px) 100vw, 259px\" \/><\/a><\/p>\n<p>A Conceller\u00eda de Familia e Benestar Social organiza este venres no Multi\u00fasos do Sar unha nova edici\u00f3n do D\u00eda Internacional da Familia. Unha xornada na que os m\u00e1is pequenos poder\u00e1n gozar cos xogos, inchables e a presenza dun contacontos e do Mago Xacobe.<\/p>\n<p>Dende as 17:30 \u00e1s 21:00 horas celebraranse diversas actividades para nenos e nenas que ter\u00e1n inchables \u00e1 s\u00faa disposici\u00f3n durante a xornada. E entre as 19:00 e as 20:00 horas, un contacontos baixo o t\u00edtulo \u00abDe Tint\u00edn Mar\u00edn\u00bb, a cargo de Soledad Felloza.<\/p>\n<p>Ademais, a partir das 20:00 horas e ata \u00e1s 21:00 todos aqueles que se acheguen ata o Multi\u00fasos poder\u00e1n gozar da actuaci\u00f3n \u00abIlusi\u00f3ns M\u00e1xicas\u00bb que correr\u00e1 a cargo do Mago Xacobe, onde os espectadores poder\u00e1n participar no desenvolvemento das s\u00faas actuaci\u00f3ns.<\/p>\n","protected":false},"excerpt":{"rendered":"<p>A Conceller\u00eda de Familia e Benestar Social organiza este venres no Multi\u00fasos do Sar unha nova edici\u00f3n do D\u00eda Internacional da Familia. Unha xornada na que os m\u00e1is pequenos poder\u00e1n gozar cos xogos, inchables e a presenza dun contacontos e do Mago Xacobe. Dende as 17:30 \u00e1s 21:00 horas celebraranse diversas actividades para nenos e&#8230;<\/p>\n","protected":false},"author":1,"featured_media":0,"comment_status":"closed","ping_status":"closed","sticky":false,"template":"","format":"standard","meta":[],"categories":[15],"tags":[],"aioseo_notices":[],"_links":{"self":[{"href":"https:\/\/www.multiusos.net\/es\/wp-json\/wp\/v2\/posts\/10850"}],"collection":[{"href":"https:\/\/www.multiusos.net\/es\/wp-json\/wp\/v2\/posts"}],"about":[{"href":"https:\/\/www.multiusos.net\/es\/wp-json\/wp\/v2\/types\/post"}],"author":[{"embeddable":true,"href":"https:\/\/www.multiusos.net\/es\/wp-json\/wp\/v2\/users\/1"}],"replies":[{"embeddable":true,"href":"https:\/\/www.multiusos.net\/es\/wp-json\/wp\/v2\/comments?post=10850"}],"version-history":[{"count":1,"href":"https:\/\/www.multiusos.net\/es\/wp-json\/wp\/v2\/posts\/10850\/revisions"}],"predecessor-version":[{"id":10885,"href":"https:\/\/www.multiusos.net\/es\/wp-json\/wp\/v2\/posts\/10850\/revisions\/10885"}],"wp:attachment":[{"href":"https:\/\/www.multiusos.net\/es\/wp-json\/wp\/v2\/media?parent=10850"}],"wp:term":[{"taxonomy":"category","embeddable":true,"href":"https:\/\/www.multiusos.net\/es\/wp-json\/wp\/v2\/categories?post=10850"},{"taxonomy":"post_tag","embeddable":true,"href":"https:\/\/www.multiusos.net\/es\/wp-json\/wp\/v2\/tags?post=10850"}],"curies":[{"name":"wp","href":"https:\/\/api.w.org\/{rel}","templated":true}]}}