{"id":11996,"date":"2015-03-05T10:53:53","date_gmt":"2015-03-05T09:53:53","guid":{"rendered":"http:\/\/www.multiusos.net\/?p=11996"},"modified":"2015-03-05T11:30:46","modified_gmt":"2015-03-05T10:30:46","slug":"ya-abierta-la-inscripcion-para-el-campus-sar-de-semana-santa","status":"publish","type":"post","link":"https:\/\/www.multiusos.net\/es\/2015\/03\/05\/ya-abierta-la-inscripcion-para-el-campus-sar-de-semana-santa\/","title":{"rendered":"Ya abierta la inscripci\u00f3n para el Campus Sar de Semana Santa"},"content":{"rendered":"<p><span style=\"color: #535353;\"><a href=\"http:\/\/www.multiusos.net\/wp-content\/uploads\/2015\/03\/CAMPUSSEMANASANTA2015.jpg\"><img loading=\"lazy\" class=\"size-medium wp-image-11994 alignleft\" src=\"http:\/\/www.multiusos.net\/wp-content\/uploads\/2015\/03\/CAMPUSSEMANASANTA2015-212x300.jpg\" alt=\"CAMPUSSEMANASANTA2015\" width=\"212\" height=\"300\" srcset=\"https:\/\/www.multiusos.net\/wp-content\/uploads\/2015\/03\/CAMPUSSEMANASANTA2015-212x300.jpg 212w, https:\/\/www.multiusos.net\/wp-content\/uploads\/2015\/03\/CAMPUSSEMANASANTA2015-724x1024.jpg 724w\" sizes=\"(max-width: 212px) 100vw, 212px\" \/><\/a>Esta Semana Santa los m\u00e1s peque\u00f1os tambi\u00e9n podr\u00e1n disfrutar del Campus Sar que celebramos en las instalaciones en todos los per\u00edodos vacacionales. Los d\u00edas 30 y 31 de marzo, y el 1 y el 6 de abril, los ni\u00f1os tendr\u00e1n la oportunidad de pasar unas jornadas de diversi\u00f3n gracias a una completa programaci\u00f3n con actividades formativas y de ocio desde l<\/span><span style=\"color: #535353;\">as 8.45 a las 14.30 horas. El<\/span><strong style=\"font-weight: bold; color: #535353;\">\u00a0per\u00edodo de inscripci\u00f3n para el campamento abre el jueves 5\u00a0de marzo tanto para abonados a los centros como para no abonados.<\/strong><\/p>\n<p><span style=\"color: #535353;\">El Campus Sar est\u00e1 destinado a ni\u00f1os y ni\u00f1as de entre 4 e 12 a\u00f1os. Las principales actividades que contempla son el p\u00e1del, el tenis y la nataci\u00f3n, aunque tambi\u00e9n hay tiempo para el ingl\u00e9s, el f\u00fatbol, el baile, la psicomotricidad, el baloncesto, el teatro, los juegos cooperativos, jue<\/span><span style=\"color: #535353;\">gos tradicionales y mucho m\u00e1s.\u00a0<\/span><strong style=\"font-weight: bold; color: #535353;\">El precio es de 9 \u20ac al d\u00eda para los abonados y de 13 \u20ac para los no abonados a las instalaciones deportivas.\u00a0<\/strong><\/p>\n","protected":false},"excerpt":{"rendered":"<p>Esta Semana Santa los m\u00e1s peque\u00f1os tambi\u00e9n podr\u00e1n disfrutar del Campus Sar que celebramos en las instalaciones en todos los per\u00edodos vacacionales. Los d\u00edas 30 y 31 de marzo, y el 1 y el 6 de abril, los ni\u00f1os tendr\u00e1n la oportunidad de pasar unas jornadas de diversi\u00f3n gracias a una completa programaci\u00f3n con actividades&#8230;<\/p>\n","protected":false},"author":10,"featured_media":11993,"comment_status":"closed","ping_status":"closed","sticky":false,"template":"","format":"standard","meta":[],"categories":[16],"tags":[],"aioseo_notices":[],"_links":{"self":[{"href":"https:\/\/www.multiusos.net\/es\/wp-json\/wp\/v2\/posts\/11996"}],"collection":[{"href":"https:\/\/www.multiusos.net\/es\/wp-json\/wp\/v2\/posts"}],"about":[{"href":"https:\/\/www.multiusos.net\/es\/wp-json\/wp\/v2\/types\/post"}],"author":[{"embeddable":true,"href":"https:\/\/www.multiusos.net\/es\/wp-json\/wp\/v2\/users\/10"}],"replies":[{"embeddable":true,"href":"https:\/\/www.multiusos.net\/es\/wp-json\/wp\/v2\/comments?post=11996"}],"version-history":[{"count":1,"href":"https:\/\/www.multiusos.net\/es\/wp-json\/wp\/v2\/posts\/11996\/revisions"}],"predecessor-version":[{"id":11997,"href":"https:\/\/www.multiusos.net\/es\/wp-json\/wp\/v2\/posts\/11996\/revisions\/11997"}],"wp:featuredmedia":[{"embeddable":true,"href":"https:\/\/www.multiusos.net\/es\/wp-json\/wp\/v2\/media\/11993"}],"wp:attachment":[{"href":"https:\/\/www.multiusos.net\/es\/wp-json\/wp\/v2\/media?parent=11996"}],"wp:term":[{"taxonomy":"category","embeddable":true,"href":"https:\/\/www.multiusos.net\/es\/wp-json\/wp\/v2\/categories?post=11996"},{"taxonomy":"post_tag","embeddable":true,"href":"https:\/\/www.multiusos.net\/es\/wp-json\/wp\/v2\/tags?post=11996"}],"curies":[{"name":"wp","href":"https:\/\/api.w.org\/{rel}","templated":true}]}}