{"id":12394,"date":"2015-06-18T13:05:38","date_gmt":"2015-06-18T11:05:38","guid":{"rendered":"http:\/\/www.multiusos.net\/?p=12394"},"modified":"2015-06-18T13:05:38","modified_gmt":"2015-06-18T11:05:38","slug":"clausura-de-la-liga-de-padel-y-tenis-fontes-do-sar","status":"publish","type":"post","link":"https:\/\/www.multiusos.net\/es\/2015\/06\/18\/clausura-de-la-liga-de-padel-y-tenis-fontes-do-sar\/","title":{"rendered":"Clausura de la liga de p\u00e1del y tenis Fontes do Sar"},"content":{"rendered":"<p><span style=\"color: #141823;\"><a href=\"http:\/\/www.multiusos.net\/wp-content\/uploads\/2015\/06\/IMG-20150615-WA0016.jpg\"><img loading=\"lazy\" class=\"size-medium wp-image-12392 alignleft\" src=\"http:\/\/www.multiusos.net\/wp-content\/uploads\/2015\/06\/IMG-20150615-WA0016-300x225.jpg\" alt=\"IMG-20150615-WA0016\" width=\"300\" height=\"225\" srcset=\"https:\/\/www.multiusos.net\/wp-content\/uploads\/2015\/06\/IMG-20150615-WA0016-300x225.jpg 300w, https:\/\/www.multiusos.net\/wp-content\/uploads\/2015\/06\/IMG-20150615-WA0016-1024x768.jpg 1024w, https:\/\/www.multiusos.net\/wp-content\/uploads\/2015\/06\/IMG-20150615-WA0016.jpg 1280w\" sizes=\"(max-width: 300px) 100vw, 300px\" \/><\/a>Este fin de semana acab\u00f3 la liga de p\u00e1del y tenis de Sar que se desarroll\u00f3 en las pistas entre los meses de marzo y junio. Fue una jornada llena de buen ambiente y grandes finales. La liga cont\u00f3 con el apoyo de dos patrocinadores, Alfonso Joyeros y la tienda de deportes FM Sports, que ayudaron a que se llevara a cabo el evento. Enhorabuena a los premiados y gracias a tod@s por participar. Nos vemos en la<\/span><span style=\"color: #141823;\">\u00a0siguiente edici\u00f3n!<\/span><\/p>\n","protected":false},"excerpt":{"rendered":"<p>Este fin de semana acab\u00f3 la liga de p\u00e1del y tenis de Sar que se desarroll\u00f3 en las pistas entre los meses de marzo y junio. Fue una jornada llena de buen ambiente y grandes finales. La liga cont\u00f3 con el apoyo de dos patrocinadores, Alfonso Joyeros y la tienda de deportes FM Sports, que&#8230;<\/p>\n","protected":false},"author":10,"featured_media":12392,"comment_status":"closed","ping_status":"closed","sticky":false,"template":"","format":"standard","meta":[],"categories":[14],"tags":[],"aioseo_notices":[],"_links":{"self":[{"href":"https:\/\/www.multiusos.net\/es\/wp-json\/wp\/v2\/posts\/12394"}],"collection":[{"href":"https:\/\/www.multiusos.net\/es\/wp-json\/wp\/v2\/posts"}],"about":[{"href":"https:\/\/www.multiusos.net\/es\/wp-json\/wp\/v2\/types\/post"}],"author":[{"embeddable":true,"href":"https:\/\/www.multiusos.net\/es\/wp-json\/wp\/v2\/users\/10"}],"replies":[{"embeddable":true,"href":"https:\/\/www.multiusos.net\/es\/wp-json\/wp\/v2\/comments?post=12394"}],"version-history":[{"count":1,"href":"https:\/\/www.multiusos.net\/es\/wp-json\/wp\/v2\/posts\/12394\/revisions"}],"predecessor-version":[{"id":12395,"href":"https:\/\/www.multiusos.net\/es\/wp-json\/wp\/v2\/posts\/12394\/revisions\/12395"}],"wp:featuredmedia":[{"embeddable":true,"href":"https:\/\/www.multiusos.net\/es\/wp-json\/wp\/v2\/media\/12392"}],"wp:attachment":[{"href":"https:\/\/www.multiusos.net\/es\/wp-json\/wp\/v2\/media?parent=12394"}],"wp:term":[{"taxonomy":"category","embeddable":true,"href":"https:\/\/www.multiusos.net\/es\/wp-json\/wp\/v2\/categories?post=12394"},{"taxonomy":"post_tag","embeddable":true,"href":"https:\/\/www.multiusos.net\/es\/wp-json\/wp\/v2\/tags?post=12394"}],"curies":[{"name":"wp","href":"https:\/\/api.w.org\/{rel}","templated":true}]}}