{"id":12678,"date":"2015-09-10T13:59:35","date_gmt":"2015-09-10T11:59:35","guid":{"rendered":"http:\/\/www.multiusos.net\/?p=12678"},"modified":"2015-09-10T13:59:35","modified_gmt":"2015-09-10T11:59:35","slug":"el-28-de-septiembre-arranca-una-nueva-liga-de-padel-y-tenis","status":"publish","type":"post","link":"https:\/\/www.multiusos.net\/es\/2015\/09\/10\/el-28-de-septiembre-arranca-una-nueva-liga-de-padel-y-tenis\/","title":{"rendered":"El 28 de septiembre arranca una nueva Liga de P\u00e1del y Tenis"},"content":{"rendered":"<p style=\"color: #535353;\">El\u00a0lunes 28 de septiembre empieza una nueva liga de p\u00e1del y tenis, que se celebrar\u00e1 en las pistas de Sar durante aproximadamente tres meses. Habr\u00e1 tres categor\u00edas, masculina, femenina y mixta (esta \u00faltima solo en p\u00e1del), y podr\u00e1n asistir participantes\u00a0de todos los niveles, tanto si est\u00e1n empezando en este deporte como si ya lo dominan, ya que tendr\u00e1n tres divisiones entre las que escoger, 1\u00aa, 2\u00aa y 3\u00aa. Como novedad en esta ocasi\u00f3n tambi\u00e9n habr\u00e1 competici\u00f3n de tenis dobles.<\/p>\n<p style=\"color: #535353;\"><strong style=\"font-weight: bold; font-style: inherit;\">Inscripci\u00f3n<\/strong><br \/>\nSi est\u00e1s interesad@ deber\u00e1s anotarte en la recepci\u00f3n de las piscinas Fontes do Sar entre el 9 y el 22 de septiembre. Solo se permite una inscripci\u00f3n por divisi\u00f3n. Los precios son los que siguen:<\/p>\n<p style=\"color: #535353;\">\u2013 Abonados que est\u00e1n<a href=\"http:\/\/www.multiusos.net\/wp-content\/uploads\/2015\/09\/TenisPa\u00a6\u00fcdel-052.jpg\"><img loading=\"lazy\" class=\"size-medium wp-image-12676 alignleft\" src=\"http:\/\/www.multiusos.net\/wp-content\/uploads\/2015\/09\/TenisPa\u00a6\u00fcdel-052-300x200.jpg\" alt=\"TenisPa\u00a6\u00fcdel-052\" width=\"300\" height=\"200\" srcset=\"https:\/\/www.multiusos.net\/wp-content\/uploads\/2015\/09\/TenisPa\u00a6\u00fcdel-052-300x200.jpg 300w, https:\/\/www.multiusos.net\/wp-content\/uploads\/2015\/09\/TenisPa\u00a6\u00fcdel-052-1024x682.jpg 1024w, https:\/\/www.multiusos.net\/wp-content\/uploads\/2015\/09\/TenisPa\u00a6\u00fcdel-052.jpg 1200w\" sizes=\"(max-width: 300px) 100vw, 300px\" \/><\/a>\u00a0en los cursos: 5\u20ac\/persona.<\/p>\n<p style=\"color: #535353;\">\u2013 Resto de abonados: 10\u20ac \/ persona.<\/p>\n<p style=\"color: #535353;\">\u2013 No abonados: 20\u20ac\/ persona.<\/p>\n<p style=\"color: #535353;\">*CADA PERSONA RECIBIR\u00c1 UNA CAMISETA DE LA LIGA.<\/p>\n<p style=\"color: #535353;\"><strong style=\"font-weight: bold; font-style: inherit;\">Jornada final<\/strong><br \/>\nSe disputar\u00e1n los t\u00edtulos de aquellas ligas que est\u00e9n conformadas por m\u00e1s de un grupo. El resto de participantes jugar\u00e1n \u201cbatallas\u201d r\u00e1pidas entre s\u00ed durante toda la tarde, y habr\u00e1 una entrega de premios y sorteo de material deportivo entre todos los participantes.<\/p>\n","protected":false},"excerpt":{"rendered":"<p>El\u00a0lunes 28 de septiembre empieza una nueva liga de p\u00e1del y tenis, que se celebrar\u00e1 en las pistas de Sar durante aproximadamente tres meses. Habr\u00e1 tres categor\u00edas, masculina, femenina y mixta (esta \u00faltima solo en p\u00e1del), y podr\u00e1n asistir participantes\u00a0de todos los niveles, tanto si est\u00e1n empezando en este deporte como si ya lo dominan,&#8230;<\/p>\n","protected":false},"author":10,"featured_media":12676,"comment_status":"closed","ping_status":"closed","sticky":false,"template":"","format":"standard","meta":[],"categories":[14],"tags":[],"aioseo_notices":[],"_links":{"self":[{"href":"https:\/\/www.multiusos.net\/es\/wp-json\/wp\/v2\/posts\/12678"}],"collection":[{"href":"https:\/\/www.multiusos.net\/es\/wp-json\/wp\/v2\/posts"}],"about":[{"href":"https:\/\/www.multiusos.net\/es\/wp-json\/wp\/v2\/types\/post"}],"author":[{"embeddable":true,"href":"https:\/\/www.multiusos.net\/es\/wp-json\/wp\/v2\/users\/10"}],"replies":[{"embeddable":true,"href":"https:\/\/www.multiusos.net\/es\/wp-json\/wp\/v2\/comments?post=12678"}],"version-history":[{"count":1,"href":"https:\/\/www.multiusos.net\/es\/wp-json\/wp\/v2\/posts\/12678\/revisions"}],"predecessor-version":[{"id":12679,"href":"https:\/\/www.multiusos.net\/es\/wp-json\/wp\/v2\/posts\/12678\/revisions\/12679"}],"wp:featuredmedia":[{"embeddable":true,"href":"https:\/\/www.multiusos.net\/es\/wp-json\/wp\/v2\/media\/12676"}],"wp:attachment":[{"href":"https:\/\/www.multiusos.net\/es\/wp-json\/wp\/v2\/media?parent=12678"}],"wp:term":[{"taxonomy":"category","embeddable":true,"href":"https:\/\/www.multiusos.net\/es\/wp-json\/wp\/v2\/categories?post=12678"},{"taxonomy":"post_tag","embeddable":true,"href":"https:\/\/www.multiusos.net\/es\/wp-json\/wp\/v2\/tags?post=12678"}],"curies":[{"name":"wp","href":"https:\/\/api.w.org\/{rel}","templated":true}]}}