{"id":13336,"date":"2016-03-14T11:18:10","date_gmt":"2016-03-14T10:18:10","guid":{"rendered":"http:\/\/www.multiusos.net\/?p=13336"},"modified":"2016-03-31T11:19:58","modified_gmt":"2016-03-31T09:19:58","slug":"multiestetic-cumple-8-anos-y-queremos-celebrarlo-contigo","status":"publish","type":"post","link":"https:\/\/www.multiusos.net\/es\/2016\/03\/14\/multiestetic-cumple-8-anos-y-queremos-celebrarlo-contigo\/","title":{"rendered":"Multiestetic cumple 8 a\u00f1os y queremos celebrarlo contigo"},"content":{"rendered":"<p><a class=\"profileLink\" style=\"color: #3b5998;\" href=\"https:\/\/www.facebook.com\/multiestetic\/\" data-hovercard=\"\/ajax\/hovercard\/page.php?id=1681386445448746\">Multiestetic<\/a><span style=\"color: #141823;\">\u00a0celebra estos d\u00edas su octavo aniversario y para celebralo t<\/span><span style=\"color: #141823;\">od@s los que os acerqu\u00e9is al centro de est\u00e9tica en la semana del 14 al 18 de marzo tendr\u00e9is una medici\u00f3n corporal con tanita \u00a1GRATIS!<\/span><\/p>\n<p style=\"color: #535353;\"><a href=\"http:\/\/www.multiusos.net\/wp-content\/uploads\/2016\/03\/8aniversario.jpg\"><img loading=\"lazy\" class=\"size-medium wp-image-13333 alignleft\" src=\"http:\/\/www.multiusos.net\/wp-content\/uploads\/2016\/03\/8aniversario-135x300.jpg\" alt=\"8aniversario\" width=\"135\" height=\"300\" srcset=\"https:\/\/www.multiusos.net\/wp-content\/uploads\/2016\/03\/8aniversario-135x300.jpg 135w, https:\/\/www.multiusos.net\/wp-content\/uploads\/2016\/03\/8aniversario-462x1024.jpg 462w, https:\/\/www.multiusos.net\/wp-content\/uploads\/2016\/03\/8aniversario.jpg 640w\" sizes=\"(max-width: 135px) 100vw, 135px\" \/><\/a><\/p>\n<p style=\"color: #535353;\">En el\u00a0<strong style=\"font-weight: bold; font-style: inherit;\">centro de est\u00e9tica<\/strong>\u00a0ubicado en el Multiusos Fontes do Sar encontrar\u00e1s tratamientos faciales y corporales espec\u00edficos, presoterapia, electroestimulaci\u00f3n, bronceado con aer\u00f3grafo, sol\u00e1rium, depilaci\u00f3n a la cera, cavitaci\u00f3n, plataformas vibratorias profesionais, limpieza de cutis, peeling integral, rejuvenecimiento facial con luz pulsada, tanita, productos cosm\u00e9ticos, cremas espec\u00edficas, neodepilaci\u00f3n l\u00e1ser y luz pulsada\u2026 TODO, CON UN\u00a0<strong style=\"font-weight: bold; font-style: inherit;\">20% DE DESCUENTO<\/strong>\u00a0POR SER ABONADO del Multiusos Fontes do Sar o del C.D. Santa Isabel.<\/p>\n<p style=\"color: #535353;\"><b style=\"font-weight: inherit; font-style: inherit;\">Tlfno. 981 568 163 \u2022\u00a0<\/b><a style=\"font-weight: inherit; font-style: inherit; color: #464646;\" href=\"mailto:multiestetic@multiusos.net\"><b style=\"font-weight: inherit; font-style: inherit;\">multiestetic@multiusos.net<\/b><\/a><\/p>\n<p style=\"color: #535353;\"><strong style=\"font-weight: bold; font-style: inherit;\">Horario de Apertura:\u00a0<\/strong>De lunes a viernes de 9 a 13h e de 16h a 21h<\/p>\n","protected":false},"excerpt":{"rendered":"<p>Multiestetic\u00a0celebra estos d\u00edas su octavo aniversario y para celebralo tod@s los que os acerqu\u00e9is al centro de est\u00e9tica en la semana del 14 al 18 de marzo tendr\u00e9is una medici\u00f3n corporal con tanita \u00a1GRATIS! En el\u00a0centro de est\u00e9tica\u00a0ubicado en el Multiusos Fontes do Sar encontrar\u00e1s tratamientos faciales y corporales espec\u00edficos, presoterapia, electroestimulaci\u00f3n, bronceado con aer\u00f3grafo,&#8230;<\/p>\n","protected":false},"author":10,"featured_media":13334,"comment_status":"closed","ping_status":"closed","sticky":false,"template":"","format":"standard","meta":[],"categories":[16],"tags":[],"aioseo_notices":[],"_links":{"self":[{"href":"https:\/\/www.multiusos.net\/es\/wp-json\/wp\/v2\/posts\/13336"}],"collection":[{"href":"https:\/\/www.multiusos.net\/es\/wp-json\/wp\/v2\/posts"}],"about":[{"href":"https:\/\/www.multiusos.net\/es\/wp-json\/wp\/v2\/types\/post"}],"author":[{"embeddable":true,"href":"https:\/\/www.multiusos.net\/es\/wp-json\/wp\/v2\/users\/10"}],"replies":[{"embeddable":true,"href":"https:\/\/www.multiusos.net\/es\/wp-json\/wp\/v2\/comments?post=13336"}],"version-history":[{"count":1,"href":"https:\/\/www.multiusos.net\/es\/wp-json\/wp\/v2\/posts\/13336\/revisions"}],"predecessor-version":[{"id":13337,"href":"https:\/\/www.multiusos.net\/es\/wp-json\/wp\/v2\/posts\/13336\/revisions\/13337"}],"wp:featuredmedia":[{"embeddable":true,"href":"https:\/\/www.multiusos.net\/es\/wp-json\/wp\/v2\/media\/13334"}],"wp:attachment":[{"href":"https:\/\/www.multiusos.net\/es\/wp-json\/wp\/v2\/media?parent=13336"}],"wp:term":[{"taxonomy":"category","embeddable":true,"href":"https:\/\/www.multiusos.net\/es\/wp-json\/wp\/v2\/categories?post=13336"},{"taxonomy":"post_tag","embeddable":true,"href":"https:\/\/www.multiusos.net\/es\/wp-json\/wp\/v2\/tags?post=13336"}],"curies":[{"name":"wp","href":"https:\/\/api.w.org\/{rel}","templated":true}]}}