{"id":13436,"date":"2016-06-10T13:06:08","date_gmt":"2016-06-10T11:06:08","guid":{"rendered":"http:\/\/www.multiusos.net\/?p=13436"},"modified":"2016-06-23T18:37:12","modified_gmt":"2016-06-23T16:37:12","slug":"consulta-la-oferta-de-cursillos-de-natacion-intensivos-de-este-verano","status":"publish","type":"post","link":"https:\/\/www.multiusos.net\/es\/2016\/06\/10\/consulta-la-oferta-de-cursillos-de-natacion-intensivos-de-este-verano\/","title":{"rendered":"Consulta la oferta de cursillos de nataci\u00f3n intensivos de este verano"},"content":{"rendered":"<p><a href=\"http:\/\/www.multiusos.net\/wp-content\/uploads\/2016\/05\/CURSOSDENATACIONintensivossantaisabel31.jpg\"><img loading=\"lazy\" class=\"size-medium wp-image-13434 alignleft\" src=\"http:\/\/www.multiusos.net\/wp-content\/uploads\/2016\/05\/CURSOSDENATACIONintensivossantaisabel31-300x212.jpg\" alt=\"CURSOSDENATACIONintensivossantaisabel31\" width=\"300\" height=\"212\" srcset=\"https:\/\/www.multiusos.net\/wp-content\/uploads\/2016\/05\/CURSOSDENATACIONintensivossantaisabel31-300x212.jpg 300w, https:\/\/www.multiusos.net\/wp-content\/uploads\/2016\/05\/CURSOSDENATACIONintensivossantaisabel31-1024x724.jpg 1024w\" sizes=\"(max-width: 300px) 100vw, 300px\" \/><\/a>Los meses de junio, julio, agosto y septiembre el Complejo Deportivo Santa Isabel programa\u00a0cursos de nataci\u00f3n intensivos para ni\u00f1os y adultos. Los abonados al Multiusos Fontes do Sar o al C.D. Santa Isabel tienen un per\u00edodo preferente para anotarse que se empieza el mi\u00e9rcoles 11 de mayo, mientras que los no abonados a las instalaciones tendr\u00e1n que esperar hasta el d\u00eda 18 de este mes. La inscripci\u00f3n se har\u00e1 de forma presencial en recepci\u00f3n de la instalaci\u00f3n.<\/p>\n<p>El curso tiene un precio de 12\u20ac\/mes para los ni\u00f1os abonados, y de 24\u20ac\/mes para los que no lo sean; en el caso de los adultos pagar\u00e1n 18\u20ac\/mes los abonados y 36\u20ac quienes no est\u00e9n inscritos en los centros. Habr\u00e1 cursos para adultos de lunes a viernes a las 8.30h, a las 9.15h, a las 10h, a las 16h, a las 19.45h y a las 20.30h. Para ni\u00f1os de entre 3 y 12 a\u00f1os habr\u00e1 clase a las 16.45h, a las 17.30h, 18.15h y a las 19.00h. En total se ofertan 240 plazas.<\/p>\n<p>&nbsp;<\/p>\n<p><a href=\"http:\/\/www.multiusos.net\/documentos\/FOLLADEINSCRICIONcursi%C3%B1osnenos.pdf\">Descarga aqu\u00ed la hoja de inscripci\u00f3n para los cursillos de ni\u00f1os.<\/a><\/p>\n<p><a href=\"http:\/\/www.multiusos.net\/documentos\/FOLLADEINSCRICIONcursi%C3%B1osadultos.pdf\">Descarga aqu\u00ed la hoja de inscripci\u00f3n para los cursillos de adultos.\u00a0<\/a><\/p>\n","protected":false},"excerpt":{"rendered":"<p>Los meses de junio, julio, agosto y septiembre el Complejo Deportivo Santa Isabel programa\u00a0cursos de nataci\u00f3n intensivos para ni\u00f1os y adultos. Los abonados al Multiusos Fontes do Sar o al C.D. Santa Isabel tienen un per\u00edodo preferente para anotarse que se empieza el mi\u00e9rcoles 11 de mayo, mientras que los no abonados a las instalaciones&#8230;<\/p>\n","protected":false},"author":10,"featured_media":13434,"comment_status":"closed","ping_status":"closed","sticky":false,"template":"","format":"standard","meta":[],"categories":[14],"tags":[],"aioseo_notices":[],"_links":{"self":[{"href":"https:\/\/www.multiusos.net\/es\/wp-json\/wp\/v2\/posts\/13436"}],"collection":[{"href":"https:\/\/www.multiusos.net\/es\/wp-json\/wp\/v2\/posts"}],"about":[{"href":"https:\/\/www.multiusos.net\/es\/wp-json\/wp\/v2\/types\/post"}],"author":[{"embeddable":true,"href":"https:\/\/www.multiusos.net\/es\/wp-json\/wp\/v2\/users\/10"}],"replies":[{"embeddable":true,"href":"https:\/\/www.multiusos.net\/es\/wp-json\/wp\/v2\/comments?post=13436"}],"version-history":[{"count":1,"href":"https:\/\/www.multiusos.net\/es\/wp-json\/wp\/v2\/posts\/13436\/revisions"}],"predecessor-version":[{"id":13437,"href":"https:\/\/www.multiusos.net\/es\/wp-json\/wp\/v2\/posts\/13436\/revisions\/13437"}],"wp:featuredmedia":[{"embeddable":true,"href":"https:\/\/www.multiusos.net\/es\/wp-json\/wp\/v2\/media\/13434"}],"wp:attachment":[{"href":"https:\/\/www.multiusos.net\/es\/wp-json\/wp\/v2\/media?parent=13436"}],"wp:term":[{"taxonomy":"category","embeddable":true,"href":"https:\/\/www.multiusos.net\/es\/wp-json\/wp\/v2\/categories?post=13436"},{"taxonomy":"post_tag","embeddable":true,"href":"https:\/\/www.multiusos.net\/es\/wp-json\/wp\/v2\/tags?post=13436"}],"curies":[{"name":"wp","href":"https:\/\/api.w.org\/{rel}","templated":true}]}}