{"id":15527,"date":"2018-05-15T10:40:40","date_gmt":"2018-05-15T08:40:40","guid":{"rendered":"http:\/\/www.multiusos.net\/?p=15527"},"modified":"2018-05-16T10:42:49","modified_gmt":"2018-05-16T08:42:49","slug":"magnificos-resultados-del-club-juancho-vazquez-en-el-campeonato-de-espana-kickboxing-infantil-cadete-y-junior","status":"publish","type":"post","link":"https:\/\/www.multiusos.net\/es\/2018\/05\/15\/magnificos-resultados-del-club-juancho-vazquez-en-el-campeonato-de-espana-kickboxing-infantil-cadete-y-junior\/","title":{"rendered":"Magn\u00edficos resultados del Club Juancho V\u00e1zquez en el Campeonato de Espa\u00f1a Kickboxing infantil, cadete y junior"},"content":{"rendered":"<p style=\"margin: 0cm; margin-bottom: .0001pt;\"><a href=\"http:\/\/www.multiusos.net\/wp-content\/uploads\/2018\/05\/JUANCHO2018.jpg\"><img loading=\"lazy\" class=\"alignleft size-medium wp-image-15523\" src=\"http:\/\/www.multiusos.net\/wp-content\/uploads\/2018\/05\/JUANCHO2018-300x169.jpg\" alt=\"JUANCHO2018\" width=\"300\" height=\"169\" srcset=\"https:\/\/www.multiusos.net\/wp-content\/uploads\/2018\/05\/JUANCHO2018-300x169.jpg 300w, https:\/\/www.multiusos.net\/wp-content\/uploads\/2018\/05\/JUANCHO2018-768x432.jpg 768w, https:\/\/www.multiusos.net\/wp-content\/uploads\/2018\/05\/JUANCHO2018-1024x576.jpg 1024w, https:\/\/www.multiusos.net\/wp-content\/uploads\/2018\/05\/JUANCHO2018.jpg 1599w\" sizes=\"(max-width: 300px) 100vw, 300px\" \/><\/a>Los deportistas del Club de Juancho V\u00e1zquez del Multiusos Fontes do Sar volvieron a dejar el pabell\u00f3n muy alto en su paso por el Campeonato de Espa\u00f1a de Kickboxing infantil, cadete y junior celebrado el pasado fin de semana. En total, fueron once los componentes del club que, con su gran actuaci\u00f3n, se alzaron con la sorprendente cifra de 14 medallas:<\/p>\n<p style=\"margin: 0cm; margin-bottom: .0001pt; font-stretch: normal;\"><strong>Campeones de Espa\u00f1a:<\/strong><\/p>\n<p style=\"margin: 0cm; margin-bottom: .0001pt; font-stretch: normal;\"><span style=\"font-family: 'Helvetica',sans-serif;\">Celia pico<\/span><\/p>\n<p style=\"margin: 0cm; margin-bottom: .0001pt; font-stretch: normal;\"><span style=\"font-family: 'Helvetica',sans-serif;\">Alba Rodr\u00edguez\u00a0<\/span><\/p>\n<p style=\"margin: 0cm; margin-bottom: .0001pt; font-stretch: normal; min-height: 13.8px;\"><span style=\"font-size: 9.0pt; font-family: 'Helvetica',sans-serif;\">\u00a0<\/span><\/p>\n<p style=\"margin: 0cm; margin-bottom: .0001pt; font-stretch: normal;\"><strong><span style=\"font-family: 'Helvetica', sans-serif;\">Subcampeones de Espa\u00f1a:<\/span><\/strong><\/p>\n<p style=\"margin: 0cm; margin-bottom: .0001pt; font-stretch: normal;\"><span style=\"font-family: 'Helvetica',sans-serif;\">Tom\u00e1s V\u00e0zquez\u00a0<\/span><\/p>\n<p style=\"margin: 0cm; margin-bottom: .0001pt; font-stretch: normal;\"><span style=\"font-family: 'Helvetica',sans-serif;\">Alba Rodr\u00edguez<\/span><\/p>\n<p style=\"margin: 0cm; margin-bottom: .0001pt; font-stretch: normal;\"><span style=\"font-family: 'Helvetica',sans-serif;\">Ant\u00eda Santalla\u00a0<\/span><\/p>\n<p style=\"margin: 0cm; margin-bottom: .0001pt; font-stretch: normal;\"><span style=\"font-family: 'Helvetica',sans-serif;\">Mar\u00eda Ortega 2 categor\u00edas<\/span><\/p>\n<p style=\"margin: 0cm; margin-bottom: .0001pt; font-stretch: normal; min-height: 13.8px;\"><strong><span style=\"font-size: 9pt; font-family: 'Helvetica', sans-serif;\">\u00a0<\/span><\/strong><\/p>\n<p style=\"margin: 0cm; margin-bottom: .0001pt; font-stretch: normal;\"><span style=\"font-family: 'Helvetica',sans-serif;\"><strong>Medallas de Bronce:<\/strong><br \/>\n<\/span><\/p>\n<p style=\"margin: 0cm; margin-bottom: .0001pt; font-stretch: normal;\"><span style=\"font-family: 'Helvetica',sans-serif;\">Noa cuesta\u00a0<\/span><\/p>\n<p style=\"margin: 0cm; margin-bottom: .0001pt; font-stretch: normal;\"><span style=\"font-family: 'Helvetica',sans-serif;\">Celia pico<\/span><\/p>\n<p style=\"margin: 0cm; margin-bottom: .0001pt; font-stretch: normal;\"><span style=\"font-family: 'Helvetica',sans-serif;\">Aitana naveiras\u00a0<\/span><\/p>\n<p style=\"margin: 0cm; margin-bottom: .0001pt; font-stretch: normal;\"><span style=\"font-family: 'Helvetica',sans-serif;\">Adrian iglesias\u00a0<\/span><\/p>\n<p style=\"margin: 0cm; margin-bottom: .0001pt; font-stretch: normal;\"><span style=\"font-family: 'Helvetica',sans-serif;\">Vera Rodr\u00edguez\u00a0<\/span><\/p>\n<p style=\"margin: 0cm; margin-bottom: .0001pt; font-stretch: normal;\"><span style=\"font-family: 'Helvetica',sans-serif;\">Paula Villar (2 categor\u00edas)<\/span><\/p>\n<p style=\"margin: 0cm; margin-bottom: .0001pt; font-stretch: normal;\">\n<p style=\"margin: 0cm; margin-bottom: .0001pt; font-stretch: normal;\">\u00a1Enhorabuena a todos y a seguir cosechando \u00e9xitos!<\/p>\n","protected":false},"excerpt":{"rendered":"<p>Los deportistas del Club de Juancho V\u00e1zquez del Multiusos Fontes do Sar volvieron a dejar el pabell\u00f3n muy alto en su paso por el Campeonato de Espa\u00f1a de Kickboxing infantil, cadete y junior celebrado el pasado fin de semana. En total, fueron once los componentes del club que, con su gran actuaci\u00f3n, se alzaron con&#8230;<\/p>\n","protected":false},"author":10,"featured_media":0,"comment_status":"closed","ping_status":"closed","sticky":false,"template":"","format":"standard","meta":[],"categories":[14],"tags":[],"aioseo_notices":[],"_links":{"self":[{"href":"https:\/\/www.multiusos.net\/es\/wp-json\/wp\/v2\/posts\/15527"}],"collection":[{"href":"https:\/\/www.multiusos.net\/es\/wp-json\/wp\/v2\/posts"}],"about":[{"href":"https:\/\/www.multiusos.net\/es\/wp-json\/wp\/v2\/types\/post"}],"author":[{"embeddable":true,"href":"https:\/\/www.multiusos.net\/es\/wp-json\/wp\/v2\/users\/10"}],"replies":[{"embeddable":true,"href":"https:\/\/www.multiusos.net\/es\/wp-json\/wp\/v2\/comments?post=15527"}],"version-history":[{"count":1,"href":"https:\/\/www.multiusos.net\/es\/wp-json\/wp\/v2\/posts\/15527\/revisions"}],"predecessor-version":[{"id":15528,"href":"https:\/\/www.multiusos.net\/es\/wp-json\/wp\/v2\/posts\/15527\/revisions\/15528"}],"wp:attachment":[{"href":"https:\/\/www.multiusos.net\/es\/wp-json\/wp\/v2\/media?parent=15527"}],"wp:term":[{"taxonomy":"category","embeddable":true,"href":"https:\/\/www.multiusos.net\/es\/wp-json\/wp\/v2\/categories?post=15527"},{"taxonomy":"post_tag","embeddable":true,"href":"https:\/\/www.multiusos.net\/es\/wp-json\/wp\/v2\/tags?post=15527"}],"curies":[{"name":"wp","href":"https:\/\/api.w.org\/{rel}","templated":true}]}}