{"id":15802,"date":"2018-06-05T10:45:53","date_gmt":"2018-06-05T08:45:53","guid":{"rendered":"http:\/\/www.multiusos.net\/?p=15802"},"modified":"2018-06-07T10:48:18","modified_gmt":"2018-06-07T08:48:18","slug":"siete-miembros-del-club-juancho-vazquez-convocados-por-la-seleccion-espanola-de-kickboxing","status":"publish","type":"post","link":"https:\/\/www.multiusos.net\/es\/2018\/06\/05\/siete-miembros-del-club-juancho-vazquez-convocados-por-la-seleccion-espanola-de-kickboxing\/","title":{"rendered":"Siete miembros del Club Juancho V\u00e1zquez, convocados por la Selecci\u00f3n Espa\u00f1ola de Kickboxing"},"content":{"rendered":"<p><a href=\"http:\/\/www.multiusos.net\/wp-content\/uploads\/2018\/06\/JUANCHOSELECCION2018.jpg\"><img loading=\"lazy\" class=\"alignleft size-medium wp-image-15800\" src=\"http:\/\/www.multiusos.net\/wp-content\/uploads\/2018\/06\/JUANCHOSELECCION2018-300x225.jpg\" alt=\"JUANCHOSELECCION2018\" width=\"300\" height=\"225\" srcset=\"https:\/\/www.multiusos.net\/wp-content\/uploads\/2018\/06\/JUANCHOSELECCION2018-300x225.jpg 300w, https:\/\/www.multiusos.net\/wp-content\/uploads\/2018\/06\/JUANCHOSELECCION2018-768x576.jpg 768w, https:\/\/www.multiusos.net\/wp-content\/uploads\/2018\/06\/JUANCHOSELECCION2018-1024x768.jpg 1024w\" sizes=\"(max-width: 300px) 100vw, 300px\" \/><\/a>En total siete integrantes del Club Juancho V\u00e1zquez del Multiusos Fontes do Sar han tenido el honor de ser convocados por la selecci\u00f3n Espa\u00f1ola de Kickboxing para realizar un entrenamiento &#8211; concentraci\u00f3n, con el objetivo de formar el equipo que representar\u00e1 a Espa\u00f1a en el pr\u00f3ximo Campeonato del Mundo, que tendr\u00e1 lugar en Venecia &#8211; Italia del 15 al 23 de septiembre de este a\u00f1o. Los seleccionados son:<\/p>\n<p>Tom\u00e1s V\u00e1zquez D\u00edaz<\/p>\n<p>Aitana Naveiras Santiago<\/p>\n<p>Mar\u00eda Ortega Cadavid<\/p>\n<p>Adri\u00e1n Iglesias Fern\u00e1ndez<\/p>\n<p>Vera Rodr\u00edguez Santa<\/p>\n<p>Paula Villar S\u00e1nchez<\/p>\n<p>Celia Picos Troiti\u00f1o<\/p>\n<p>\u00a1Enhorabuena a todas y todos!<\/p>\n","protected":false},"excerpt":{"rendered":"<p>En total siete integrantes del Club Juancho V\u00e1zquez del Multiusos Fontes do Sar han tenido el honor de ser convocados por la selecci\u00f3n Espa\u00f1ola de Kickboxing para realizar un entrenamiento &#8211; concentraci\u00f3n, con el objetivo de formar el equipo que representar\u00e1 a Espa\u00f1a en el pr\u00f3ximo Campeonato del Mundo, que tendr\u00e1 lugar en Venecia &#8211;&#8230;<\/p>\n","protected":false},"author":10,"featured_media":15800,"comment_status":"closed","ping_status":"closed","sticky":false,"template":"","format":"standard","meta":[],"categories":[14],"tags":[],"aioseo_notices":[],"_links":{"self":[{"href":"https:\/\/www.multiusos.net\/es\/wp-json\/wp\/v2\/posts\/15802"}],"collection":[{"href":"https:\/\/www.multiusos.net\/es\/wp-json\/wp\/v2\/posts"}],"about":[{"href":"https:\/\/www.multiusos.net\/es\/wp-json\/wp\/v2\/types\/post"}],"author":[{"embeddable":true,"href":"https:\/\/www.multiusos.net\/es\/wp-json\/wp\/v2\/users\/10"}],"replies":[{"embeddable":true,"href":"https:\/\/www.multiusos.net\/es\/wp-json\/wp\/v2\/comments?post=15802"}],"version-history":[{"count":1,"href":"https:\/\/www.multiusos.net\/es\/wp-json\/wp\/v2\/posts\/15802\/revisions"}],"predecessor-version":[{"id":15803,"href":"https:\/\/www.multiusos.net\/es\/wp-json\/wp\/v2\/posts\/15802\/revisions\/15803"}],"wp:featuredmedia":[{"embeddable":true,"href":"https:\/\/www.multiusos.net\/es\/wp-json\/wp\/v2\/media\/15800"}],"wp:attachment":[{"href":"https:\/\/www.multiusos.net\/es\/wp-json\/wp\/v2\/media?parent=15802"}],"wp:term":[{"taxonomy":"category","embeddable":true,"href":"https:\/\/www.multiusos.net\/es\/wp-json\/wp\/v2\/categories?post=15802"},{"taxonomy":"post_tag","embeddable":true,"href":"https:\/\/www.multiusos.net\/es\/wp-json\/wp\/v2\/tags?post=15802"}],"curies":[{"name":"wp","href":"https:\/\/api.w.org\/{rel}","templated":true}]}}