{"id":17942,"date":"2018-08-23T13:43:43","date_gmt":"2018-08-23T11:43:43","guid":{"rendered":"http:\/\/www.multiusos.net\/?p=17942"},"modified":"2018-09-13T09:50:58","modified_gmt":"2018-09-13T07:50:58","slug":"el-campus-sar-verano-2018-se-celebra-hasta-el-martes-11-de-septiembre","status":"publish","type":"post","link":"https:\/\/www.multiusos.net\/es\/2018\/08\/23\/el-campus-sar-verano-2018-se-celebra-hasta-el-martes-11-de-septiembre\/","title":{"rendered":"El Campus Sar \u00abverano 2018\u00bb se celebra hasta el martes 11 de septiembre"},"content":{"rendered":"<p><a href=\"http:\/\/www.multiusos.net\/wp-content\/uploads\/2018\/08\/CAMPUSSARweb.jpg\"><img loading=\"lazy\" class=\"alignleft size-medium wp-image-17943\" src=\"http:\/\/www.multiusos.net\/wp-content\/uploads\/2018\/08\/CAMPUSSARweb-300x300.jpg\" alt=\"CAMPUSSARweb\" width=\"300\" height=\"300\" \/><\/a>Los ni\u00f1os y ni\u00f1as de Compostela podr\u00e1n volver a disfrutar de la programaci\u00f3n multidisciplinar del Campus Sar hasta el martes<strong> 11 de septiembre<\/strong> en turnos semanales. Las actividades deportivas, la piscina y los talleres centrar\u00e1n la formaci\u00f3n y el entretenimiento de los peque\u00f1os, aunque tambi\u00e9n habr\u00e1 momento para otras actividades como el f\u00fatbol sala, el baloncesto, el baile, los juegos cooperativos, etc. <strong>Podr\u00e1n anotarse ni\u00f1os de entre 4 y 14 a\u00f1os. \u00a0<\/strong><\/p>\n<p>Las actividades se desarrollar\u00e1n en las piscinas, en el hall de entrada, pistas central y polideportiva, y salas de actividades del Multiusos de lunes a viernes entre las 8:45h y las 14:30h, y se ofrece la<strong>\u00a0posibilidad de ampliar el horario de 8 a 15 horas para quien lo desee, pagando un suplemento que va desde los 5\u20ac\/semana<\/strong>.<\/p>\n<p><strong>D\u00eda tipo en el Campus<\/strong><\/p>\n<p>8:00-8:45. Desayuno \/ recepci\u00f3n de los ni\u00f1os en cafeter\u00eda.<\/p>\n<p>8:45-9:15. Recepci\u00f3n de los ni\u00f1os en el hall de entrada del Multiusos.<\/p>\n<p>9:15-12:15. Actividades en ingl\u00e9s, actividades deportivas, juegos, talleres y merienda.<\/p>\n<p>12:15-14:00. Piscina.<\/p>\n<p>14:00-15:00. Recogida.<\/p>\n<p>El campus contar\u00e1 con la presencia de profesionales con formaci\u00f3n espec\u00edfica en cada \u00e1rea, entre los que se cuentan licenciados en educaci\u00f3n f\u00edsica, monitores de tiempo libre, instructores\u2026 Adem\u00e1s de favorecer la conciliaci\u00f3n familiar, entre los objetivos del Campus Sar est\u00e1 que los ni\u00f1os puedan conocer y practicar diversos deportes; mejorar en determinadas disciplinas; descubrir diferentes formas de diversi\u00f3n, cooperaci\u00f3n y trabajo en equipo; y fomentar que los alumnos disfruten y tengan una experiencia positiva.<\/p>\n<p><strong>Ya est\u00e1 abierto el per\u00edodo de inscripci\u00f3n. Los interesados deber\u00e1n anotarse de forma presencial en la recepci\u00f3n del Multiusos Fontes do Sar, en las Piscinas Fontes do Sar y en el Complejo Deportivo Santa Isabel. Los precios son los siguientes:<\/strong><\/p>\n<ul>\n<li>1 semana: abonados 43\u20ac \/ no abonados 65\u20ac<\/li>\n<li>2 semanas: abonados 82\u20ac \/ no abonados 126\u20ac<\/li>\n<li>3 semanas: abonados 117\u20ac \/ no abonados 183\u20ac<\/li>\n<li>4 semanas: abonados 144\u20ac \/ no abonados 232\u20ac<\/li>\n<\/ul>\n<p>Si deseas m\u00e1s informaci\u00f3n puedes consultarnos en recepci\u00f3n de las instalaciones, escribirnos un correo a campussar@multiusos.net o llamarnos al tel\u00e9fono 981 568 160.<\/p>\n<p>Descarga aqu\u00ed la hoja de inscripci\u00f3n del Campus Sar: <a href=\"http:\/\/www.multiusos.net\/wp-content\/uploads\/2018\/04\/INSCRICIONCAMPUS2018-1.pdf\">INSCRICIONCAMPUS2018<\/a><\/p>\n<p>Descarga aqu\u00ed la hoja para autorizar la toma de im\u00e1genes: <a href=\"http:\/\/www.multiusos.net\/wp-content\/uploads\/2018\/04\/AUTORIZACIONIMAGENMENOR-1.pdf\">AUTORIZACIONIMAGENMENOR<\/a><\/p>\n","protected":false},"excerpt":{"rendered":"<p>Los ni\u00f1os y ni\u00f1as de Compostela podr\u00e1n volver a disfrutar de la programaci\u00f3n multidisciplinar del Campus Sar hasta el martes 11 de septiembre en turnos semanales. Las actividades deportivas, la piscina y los talleres centrar\u00e1n la formaci\u00f3n y el entretenimiento de los peque\u00f1os, aunque tambi\u00e9n habr\u00e1 momento para otras actividades como el f\u00fatbol sala, el&#8230;<\/p>\n","protected":false},"author":10,"featured_media":17943,"comment_status":"closed","ping_status":"closed","sticky":false,"template":"","format":"standard","meta":[],"categories":[16],"tags":[],"aioseo_notices":[],"_links":{"self":[{"href":"https:\/\/www.multiusos.net\/es\/wp-json\/wp\/v2\/posts\/17942"}],"collection":[{"href":"https:\/\/www.multiusos.net\/es\/wp-json\/wp\/v2\/posts"}],"about":[{"href":"https:\/\/www.multiusos.net\/es\/wp-json\/wp\/v2\/types\/post"}],"author":[{"embeddable":true,"href":"https:\/\/www.multiusos.net\/es\/wp-json\/wp\/v2\/users\/10"}],"replies":[{"embeddable":true,"href":"https:\/\/www.multiusos.net\/es\/wp-json\/wp\/v2\/comments?post=17942"}],"version-history":[{"count":1,"href":"https:\/\/www.multiusos.net\/es\/wp-json\/wp\/v2\/posts\/17942\/revisions"}],"predecessor-version":[{"id":17944,"href":"https:\/\/www.multiusos.net\/es\/wp-json\/wp\/v2\/posts\/17942\/revisions\/17944"}],"wp:featuredmedia":[{"embeddable":true,"href":"https:\/\/www.multiusos.net\/es\/wp-json\/wp\/v2\/media\/17943"}],"wp:attachment":[{"href":"https:\/\/www.multiusos.net\/es\/wp-json\/wp\/v2\/media?parent=17942"}],"wp:term":[{"taxonomy":"category","embeddable":true,"href":"https:\/\/www.multiusos.net\/es\/wp-json\/wp\/v2\/categories?post=17942"},{"taxonomy":"post_tag","embeddable":true,"href":"https:\/\/www.multiusos.net\/es\/wp-json\/wp\/v2\/tags?post=17942"}],"curies":[{"name":"wp","href":"https:\/\/api.w.org\/{rel}","templated":true}]}}