{"id":17959,"date":"2018-10-01T14:09:18","date_gmt":"2018-10-01T12:09:18","guid":{"rendered":"http:\/\/www.multiusos.net\/?p=17959"},"modified":"2018-10-29T18:37:04","modified_gmt":"2018-10-29T17:37:04","slug":"tribalistas-estaran-en-el-multiusos-fontes-do-sar-el-26-de-octubre","status":"publish","type":"post","link":"https:\/\/www.multiusos.net\/es\/2018\/10\/01\/tribalistas-estaran-en-el-multiusos-fontes-do-sar-el-26-de-octubre\/","title":{"rendered":"TRIBALISTAS estar\u00e1n en el Multiusos Fontes do Sar el 26 de octubre"},"content":{"rendered":"<p><a href=\"http:\/\/www.multiusos.net\/wp-content\/uploads\/2018\/08\/Tribalistas.jpg\"><img loading=\"lazy\" class=\"alignleft size-medium wp-image-17957\" src=\"http:\/\/www.multiusos.net\/wp-content\/uploads\/2018\/08\/Tribalistas-300x200.jpg\" alt=\"Tribalistas\" width=\"300\" height=\"200\" srcset=\"https:\/\/www.multiusos.net\/wp-content\/uploads\/2018\/08\/Tribalistas-300x200.jpg 300w, https:\/\/www.multiusos.net\/wp-content\/uploads\/2018\/08\/Tribalistas-768x512.jpg 768w, https:\/\/www.multiusos.net\/wp-content\/uploads\/2018\/08\/Tribalistas.jpg 960w\" sizes=\"(max-width: 300px) 100vw, 300px\" \/><\/a>Compostela es una de las ciudades elegidas por <strong>Tribalistas<\/strong> para su gira por Europa, que har\u00e1 parada el 26 de octubre en el Multiusos Fontes do Sar. El tr\u00edo formado por <strong>Marisa Monte<\/strong>, <strong>Arnaldo<\/strong> <strong>Antunes<\/strong> y <strong>Carlinhos Brown<\/strong> regresa quince a\u00f1os despu\u00e9s de vender tres millones de discos para hacer una gira mundial. Las localidades est\u00e1n a la venta en <a href=\"https:\/\/www.ticketea.com\/entradas-concierto-tribalistas-en-multiusos-fontes-do-sar\/\">Ticketea<\/a>.<\/p>\n<p>La apertura de puertas ser\u00e1 a las 19.30h y el inicio del concierto a las 21 horas. <strong>Tribalistas<\/strong> es uno de los mayores fen\u00f3menos de la m\u00fasica brasile\u00f1a reciente y sus tres protagonistas volvieron a juntarse en 2017 para publicar un nuevo disco quince a\u00f1os despu\u00e9s del grand\u00edsimo \u00e9xito que supuso el anterior. Sus m\u00fasicas tuvieron alcance mundial y medio planeta cantaba aquello de \u00abeu sou de ninguem, eu sou de todo o mundo, e todo o mundo me quer bem\u00bb del tema &#8216;Ja sei namorar&#8217;.<\/p>\n<p>La banda estar\u00e1 formada por Dadi Carvalho (bajo, guitarra el\u00e9ctrica, mandolina y teclado), Pedro Baby (guitarras ac\u00fasticas y el\u00e9ctricas), Pretinho da Serrinha (cavaquinho) y Marcelo Costa (bater\u00eda).<\/p>\n<p>DERECHO DE ADMISI\u00d3N DE ACCESO DE MENORES AL CONCIERTO DE TRIBALISTAS EN EL MULTIUSOS FONTES DO SAR EL D\u00cdA 26 DE OCTUBRE DE 2018 <strong>MENORES DE 16 A\u00d1OS:\u00a0<\/strong><a href=\"http:\/\/blog.ticketea.com\/wp-content\/uploads\/2018\/07\/autorizaci%C3%B3n-menores-16-Tribalistas.pdf\" target=\"_blank\">Autorizaci\u00f3n.<\/a><\/p>\n<p>DEREITO DE ADMISI\u00d3N DE ACCESO DE MENORES AL CONCIERTO DE TRIBALISTAS EN EL MULTIUSOS FONTES DO SAR EL D\u00cdA 26 DE OCTUBRE DE 2018 E<strong>DADES COMPRENDIDAS ENTRE LOS 16 Y 18 A\u00d1OS:\u00a0<\/strong><a href=\"http:\/\/blog.ticketea.com\/wp-content\/uploads\/2018\/07\/autorizaci%C3%B3n-16-18-Tribalistas.pdf\" target=\"_blank\">Autorizaci\u00f3n<\/a>.<\/p>\n<p>Si quieres utilizar el transporte p\u00fablico, consulta <a href=\"http:\/\/www.tussa.org\/web\/actualidade\/nova.php?id=608&amp;lg=gal\">aqu\u00ed el servicio de autobuses para el concierto<\/a>.<\/p>\n","protected":false},"excerpt":{"rendered":"<p>Compostela es una de las ciudades elegidas por Tribalistas para su gira por Europa, que har\u00e1 parada el 26 de octubre en el Multiusos Fontes do Sar. El tr\u00edo formado por Marisa Monte, Arnaldo Antunes y Carlinhos Brown regresa quince a\u00f1os despu\u00e9s de vender tres millones de discos para hacer una gira mundial. Las localidades&#8230;<\/p>\n","protected":false},"author":10,"featured_media":17957,"comment_status":"closed","ping_status":"closed","sticky":false,"template":"","format":"standard","meta":[],"categories":[15],"tags":[],"aioseo_notices":[],"_links":{"self":[{"href":"https:\/\/www.multiusos.net\/es\/wp-json\/wp\/v2\/posts\/17959"}],"collection":[{"href":"https:\/\/www.multiusos.net\/es\/wp-json\/wp\/v2\/posts"}],"about":[{"href":"https:\/\/www.multiusos.net\/es\/wp-json\/wp\/v2\/types\/post"}],"author":[{"embeddable":true,"href":"https:\/\/www.multiusos.net\/es\/wp-json\/wp\/v2\/users\/10"}],"replies":[{"embeddable":true,"href":"https:\/\/www.multiusos.net\/es\/wp-json\/wp\/v2\/comments?post=17959"}],"version-history":[{"count":4,"href":"https:\/\/www.multiusos.net\/es\/wp-json\/wp\/v2\/posts\/17959\/revisions"}],"predecessor-version":[{"id":19671,"href":"https:\/\/www.multiusos.net\/es\/wp-json\/wp\/v2\/posts\/17959\/revisions\/19671"}],"wp:featuredmedia":[{"embeddable":true,"href":"https:\/\/www.multiusos.net\/es\/wp-json\/wp\/v2\/media\/17957"}],"wp:attachment":[{"href":"https:\/\/www.multiusos.net\/es\/wp-json\/wp\/v2\/media?parent=17959"}],"wp:term":[{"taxonomy":"category","embeddable":true,"href":"https:\/\/www.multiusos.net\/es\/wp-json\/wp\/v2\/categories?post=17959"},{"taxonomy":"post_tag","embeddable":true,"href":"https:\/\/www.multiusos.net\/es\/wp-json\/wp\/v2\/tags?post=17959"}],"curies":[{"name":"wp","href":"https:\/\/api.w.org\/{rel}","templated":true}]}}