{"id":19442,"date":"2018-10-16T18:10:43","date_gmt":"2018-10-16T16:10:43","guid":{"rendered":"http:\/\/www.multiusos.net\/?p=19442"},"modified":"2018-10-24T11:16:09","modified_gmt":"2018-10-24T09:16:09","slug":"el-19-de-octubre-jornada-solidaria-contra-el-cancer-de-mama","status":"publish","type":"post","link":"https:\/\/www.multiusos.net\/es\/2018\/10\/16\/el-19-de-octubre-jornada-solidaria-contra-el-cancer-de-mama\/","title":{"rendered":"El 19 de octubre, jornada solidaria contra el c\u00e1ncer de mama"},"content":{"rendered":"<p>El 19 de octubre el Multiusos Fontes do Sar y el C.D. Santa Isabel se suman al rosa. Las instalaciones celebrar\u00e1n una jornada solidaria en beneficio de la aecc para la lucha contra el c\u00e1ncer de mama en la que todo<a href=\"http:\/\/www.multiusos.net\/wp-content\/uploads\/2018\/10\/CARTELCANCROMAMA2018.jpg\"><img loading=\"lazy\" class=\"alignleft size-medium wp-image-19439\" src=\"http:\/\/www.multiusos.net\/wp-content\/uploads\/2018\/10\/CARTELCANCROMAMA2018-300x212.jpg\" alt=\"CARTELCANCROMAMA2018\" width=\"300\" height=\"212\" srcset=\"https:\/\/www.multiusos.net\/wp-content\/uploads\/2018\/10\/CARTELCANCROMAMA2018-300x212.jpg 300w, https:\/\/www.multiusos.net\/wp-content\/uploads\/2018\/10\/CARTELCANCROMAMA2018-768x543.jpg 768w, https:\/\/www.multiusos.net\/wp-content\/uploads\/2018\/10\/CARTELCANCROMAMA2018-1024x724.jpg 1024w\" sizes=\"(max-width: 300px) 100vw, 300px\" \/><\/a>s pod\u00e9is participar. Aqu\u00ed te contamos tres formas de colaborar.<\/p>\n<p>1. Ti\u00f1amos las instalaciones de rosa. \u00a1No nos falles! Ven a hacer deporte con alg\u00fan elemento (camiseta, gorra\u2026) de este color.<br \/>\n2. Lo recaudado ese d\u00eda en las instalaciones en entradas, alquiler de toallas, etc, se destinar\u00e1 \u00edntegro a la aecc. \u00a1Anima a tod@s tus amigos y conocidos a participar!<br \/>\n3. Si lo prefieres, haz tu donativo en ES25 2028 5540 3530 4000 3158 indicando en el concepto AECC.<\/p>\n<p>\u00a1Contamos contigo!<\/p>\n","protected":false},"excerpt":{"rendered":"<p>El 19 de octubre el Multiusos Fontes do Sar y el C.D. Santa Isabel se suman al rosa. Las instalaciones celebrar\u00e1n una jornada solidaria en beneficio de la aecc para la lucha contra el c\u00e1ncer de mama en la que todos pod\u00e9is participar. Aqu\u00ed te contamos tres formas de colaborar. 1. Ti\u00f1amos las instalaciones de&#8230;<\/p>\n","protected":false},"author":10,"featured_media":19440,"comment_status":"closed","ping_status":"closed","sticky":false,"template":"","format":"standard","meta":[],"categories":[14],"tags":[],"aioseo_notices":[],"_links":{"self":[{"href":"https:\/\/www.multiusos.net\/es\/wp-json\/wp\/v2\/posts\/19442"}],"collection":[{"href":"https:\/\/www.multiusos.net\/es\/wp-json\/wp\/v2\/posts"}],"about":[{"href":"https:\/\/www.multiusos.net\/es\/wp-json\/wp\/v2\/types\/post"}],"author":[{"embeddable":true,"href":"https:\/\/www.multiusos.net\/es\/wp-json\/wp\/v2\/users\/10"}],"replies":[{"embeddable":true,"href":"https:\/\/www.multiusos.net\/es\/wp-json\/wp\/v2\/comments?post=19442"}],"version-history":[{"count":1,"href":"https:\/\/www.multiusos.net\/es\/wp-json\/wp\/v2\/posts\/19442\/revisions"}],"predecessor-version":[{"id":19443,"href":"https:\/\/www.multiusos.net\/es\/wp-json\/wp\/v2\/posts\/19442\/revisions\/19443"}],"wp:featuredmedia":[{"embeddable":true,"href":"https:\/\/www.multiusos.net\/es\/wp-json\/wp\/v2\/media\/19440"}],"wp:attachment":[{"href":"https:\/\/www.multiusos.net\/es\/wp-json\/wp\/v2\/media?parent=19442"}],"wp:term":[{"taxonomy":"category","embeddable":true,"href":"https:\/\/www.multiusos.net\/es\/wp-json\/wp\/v2\/categories?post=19442"},{"taxonomy":"post_tag","embeddable":true,"href":"https:\/\/www.multiusos.net\/es\/wp-json\/wp\/v2\/tags?post=19442"}],"curies":[{"name":"wp","href":"https:\/\/api.w.org\/{rel}","templated":true}]}}