{"id":23459,"date":"2019-04-10T19:15:22","date_gmt":"2019-04-10T17:15:22","guid":{"rendered":"http:\/\/www.multiusos.net\/?p=23459"},"modified":"2019-04-10T19:20:00","modified_gmt":"2019-04-10T17:20:00","slug":"esta-semana-santa-vuelve-el-campus-sar-4","status":"publish","type":"post","link":"https:\/\/www.multiusos.net\/es\/2019\/04\/10\/esta-semana-santa-vuelve-el-campus-sar-4\/","title":{"rendered":"\u00a1Esta Semana Santa vuelve el Campus Sar!"},"content":{"rendered":"\n<p>Esta Semana\nSanta los m\u00e1s peque\u00f1os tambi\u00e9n podr\u00e1n disfrutar del Campus Sar que celebramos\nen las instalaciones en todos los per\u00edodos vacacionales. Los d\u00edas 15, 16, 17 y\n22 de abril los ni\u00f1@s tendr\u00e1n la oportunidad de pasar unas jornadas de\ndiversi\u00f3n gracias a una completa programaci\u00f3n con actividades formativas y de\nocio desde las 8.45 a las 14.30 horas. El per\u00edodo de inscripci\u00f3n para el campamento\nabre el lunes 7 de marzo tanto para abonados a los centros como para no\nabonados.<\/p>\n\n\n\n<figure class=\"wp-block-image\"><img loading=\"lazy\" width=\"724\" height=\"1024\" src=\"http:\/\/www.multiusos.net\/wp-content\/uploads\/2019\/04\/CAMPUSSARSEMANASANTA2019-1-724x1024.jpg\" alt=\"Campus Sar Semana Santa\" class=\"wp-image-23457\" srcset=\"https:\/\/www.multiusos.net\/wp-content\/uploads\/2019\/04\/CAMPUSSARSEMANASANTA2019-1-724x1024.jpg 724w, https:\/\/www.multiusos.net\/wp-content\/uploads\/2019\/04\/CAMPUSSARSEMANASANTA2019-1-212x300.jpg 212w, https:\/\/www.multiusos.net\/wp-content\/uploads\/2019\/04\/CAMPUSSARSEMANASANTA2019-1-768x1086.jpg 768w, https:\/\/www.multiusos.net\/wp-content\/uploads\/2019\/04\/CAMPUSSARSEMANASANTA2019-1.jpg 1654w\" sizes=\"(max-width: 724px) 100vw, 724px\" \/><\/figure>\n\n\n\n<p>El Campus\nSar est\u00e1 destinado a ni\u00f1os y ni\u00f1as de entre 4 e 12 a\u00f1os. Las principales\nactividades que contempla son el p\u00e1del, el tenis y la nataci\u00f3n, aunque tambi\u00e9n\nhay tiempo para el ingl\u00e9s, el f\u00fatbol, el baile, la psicomotricidad, el\nbaloncesto, el teatro, los juegos cooperativos, juegos tradicionales y mucho\nm\u00e1s. El precio es de 9 \u20ac al d\u00eda para los abonados y de 13 \u20ac para los no\nabonados a las instalaciones deportivas.<\/p>\n","protected":false},"excerpt":{"rendered":"<p>Esta Semana Santa los m\u00e1s peque\u00f1os tambi\u00e9n podr\u00e1n disfrutar del Campus Sar que celebramos en las instalaciones en todos los per\u00edodos vacacionales. Los d\u00edas 15, 16, 17 y 22 de abril los ni\u00f1@s tendr\u00e1n la oportunidad de pasar unas jornadas de diversi\u00f3n gracias a una completa programaci\u00f3n con actividades formativas y de ocio desde las&#8230;<\/p>\n","protected":false},"author":10,"featured_media":23461,"comment_status":"closed","ping_status":"closed","sticky":false,"template":"","format":"standard","meta":[],"categories":[14,16,1],"tags":[],"aioseo_notices":[],"_links":{"self":[{"href":"https:\/\/www.multiusos.net\/es\/wp-json\/wp\/v2\/posts\/23459"}],"collection":[{"href":"https:\/\/www.multiusos.net\/es\/wp-json\/wp\/v2\/posts"}],"about":[{"href":"https:\/\/www.multiusos.net\/es\/wp-json\/wp\/v2\/types\/post"}],"author":[{"embeddable":true,"href":"https:\/\/www.multiusos.net\/es\/wp-json\/wp\/v2\/users\/10"}],"replies":[{"embeddable":true,"href":"https:\/\/www.multiusos.net\/es\/wp-json\/wp\/v2\/comments?post=23459"}],"version-history":[{"count":1,"href":"https:\/\/www.multiusos.net\/es\/wp-json\/wp\/v2\/posts\/23459\/revisions"}],"predecessor-version":[{"id":23460,"href":"https:\/\/www.multiusos.net\/es\/wp-json\/wp\/v2\/posts\/23459\/revisions\/23460"}],"wp:featuredmedia":[{"embeddable":true,"href":"https:\/\/www.multiusos.net\/es\/wp-json\/wp\/v2\/media\/23461"}],"wp:attachment":[{"href":"https:\/\/www.multiusos.net\/es\/wp-json\/wp\/v2\/media?parent=23459"}],"wp:term":[{"taxonomy":"category","embeddable":true,"href":"https:\/\/www.multiusos.net\/es\/wp-json\/wp\/v2\/categories?post=23459"},{"taxonomy":"post_tag","embeddable":true,"href":"https:\/\/www.multiusos.net\/es\/wp-json\/wp\/v2\/tags?post=23459"}],"curies":[{"name":"wp","href":"https:\/\/api.w.org\/{rel}","templated":true}]}}