{"id":24437,"date":"2019-05-03T08:12:25","date_gmt":"2019-05-03T06:12:25","guid":{"rendered":"http:\/\/www.multiusos.net\/?p=24437"},"modified":"2019-08-27T11:36:08","modified_gmt":"2019-08-27T09:36:08","slug":"abierta-la-inscripcion-para-los-cursillos-de-natacion-intensivos-en-el-c-d-santa-isabel-2","status":"publish","type":"post","link":"https:\/\/www.multiusos.net\/es\/2019\/05\/03\/abierta-la-inscripcion-para-los-cursillos-de-natacion-intensivos-en-el-c-d-santa-isabel-2\/","title":{"rendered":"Abierta la inscripci\u00f3n para los cursillos de nataci\u00f3n intensivos del verano"},"content":{"rendered":"\n<p>Los meses de junio, julio, agosto y septiembre el Complejo Deportivo Santa\nIsabel programa&nbsp;cursos de nataci\u00f3n intensivos para ni\u00f1os y adultos. Los\nabonados al Multiusos Fontes do Sar o al C.D. Santa Isabel tienen un per\u00edodo\npreferente para anotarse que se empieza el 15&nbsp;de mayo, mientras que los no\nabonados a las instalaciones tendr\u00e1n que esperar hasta el d\u00eda 22 de este mes.\nLa inscripci\u00f3n se har\u00e1 de forma presencial en recepci\u00f3n de la instalaci\u00f3n.<\/p>\n\n\n\n<figure class=\"wp-block-image\"><img loading=\"lazy\" width=\"1024\" height=\"724\" src=\"http:\/\/www.multiusos.net\/wp-content\/uploads\/2019\/05\/intensivos2019-1024x724.jpg\" alt=\"\" class=\"wp-image-24686\" srcset=\"https:\/\/www.multiusos.net\/wp-content\/uploads\/2019\/05\/intensivos2019-1024x724.jpg 1024w, https:\/\/www.multiusos.net\/wp-content\/uploads\/2019\/05\/intensivos2019-300x212.jpg 300w, https:\/\/www.multiusos.net\/wp-content\/uploads\/2019\/05\/intensivos2019-768x543.jpg 768w\" sizes=\"(max-width: 1024px) 100vw, 1024px\" \/><\/figure>\n\n\n\n<p>El curso tiene un precio de 14\u20ac\/mes para los ni\u00f1os abonados, y de 28\u20ac\/mes para los que no lo sean; en el caso de los adultos pagar\u00e1n 20\u20ac\/mes los abonados y 40\u20ac quienes no est\u00e9n inscritos en los centros. Habr\u00e1 cursos para adultos de lunes a viernes a las 8.30h, a las 9.15h, a las 10h, a las 16h, a las 19.45h y a las 20.30h. Para ni\u00f1os de entre 4 y 12 a\u00f1os habr\u00e1 clase a las 16.45h, a las 17.30h, 18.15h y a las 19.00h. En total se ofertan 240 plazas.<\/p>\n","protected":false},"excerpt":{"rendered":"<p>Los meses de junio, julio, agosto y septiembre el Complejo Deportivo Santa Isabel programa&nbsp;cursos de nataci\u00f3n intensivos para ni\u00f1os y adultos. Los abonados al Multiusos Fontes do Sar o al C.D. Santa Isabel tienen un per\u00edodo preferente para anotarse que se empieza el 15&nbsp;de mayo, mientras que los no abonados a las instalaciones tendr\u00e1n que&#8230;<\/p>\n","protected":false},"author":10,"featured_media":24686,"comment_status":"closed","ping_status":"closed","sticky":false,"template":"","format":"standard","meta":[],"categories":[14],"tags":[],"aioseo_notices":[],"_links":{"self":[{"href":"https:\/\/www.multiusos.net\/es\/wp-json\/wp\/v2\/posts\/24437"}],"collection":[{"href":"https:\/\/www.multiusos.net\/es\/wp-json\/wp\/v2\/posts"}],"about":[{"href":"https:\/\/www.multiusos.net\/es\/wp-json\/wp\/v2\/types\/post"}],"author":[{"embeddable":true,"href":"https:\/\/www.multiusos.net\/es\/wp-json\/wp\/v2\/users\/10"}],"replies":[{"embeddable":true,"href":"https:\/\/www.multiusos.net\/es\/wp-json\/wp\/v2\/comments?post=24437"}],"version-history":[{"count":4,"href":"https:\/\/www.multiusos.net\/es\/wp-json\/wp\/v2\/posts\/24437\/revisions"}],"predecessor-version":[{"id":27337,"href":"https:\/\/www.multiusos.net\/es\/wp-json\/wp\/v2\/posts\/24437\/revisions\/27337"}],"wp:featuredmedia":[{"embeddable":true,"href":"https:\/\/www.multiusos.net\/es\/wp-json\/wp\/v2\/media\/24686"}],"wp:attachment":[{"href":"https:\/\/www.multiusos.net\/es\/wp-json\/wp\/v2\/media?parent=24437"}],"wp:term":[{"taxonomy":"category","embeddable":true,"href":"https:\/\/www.multiusos.net\/es\/wp-json\/wp\/v2\/categories?post=24437"},{"taxonomy":"post_tag","embeddable":true,"href":"https:\/\/www.multiusos.net\/es\/wp-json\/wp\/v2\/tags?post=24437"}],"curies":[{"name":"wp","href":"https:\/\/api.w.org\/{rel}","templated":true}]}}