{"id":29285,"date":"2019-10-14T13:32:05","date_gmt":"2019-10-14T11:32:05","guid":{"rendered":"http:\/\/www.multiusos.net\/?p=29285"},"modified":"2019-10-24T14:21:37","modified_gmt":"2019-10-24T12:21:37","slug":"el-18-de-octubre-jornada-solidaria-contral-el-cancer-de-mama","status":"publish","type":"post","link":"https:\/\/www.multiusos.net\/es\/2019\/10\/14\/el-18-de-octubre-jornada-solidaria-contral-el-cancer-de-mama\/","title":{"rendered":"El 18 de octubre, jornada solidaria contral el c\u00e1ncer de mama"},"content":{"rendered":"<div class=\"entry-content\">\n<p>El 18 de octubre el Multiusos Fontes do Sar y el C.D. Santa Isabel se suman al rosa. Las instalaciones celebrar\u00e1n una jornada solidaria en beneficio de la aecc para la lucha contra el c\u00e1ncer de mama en la que todos pod\u00e9is participar. Aqu\u00ed te contamos tres formas de colaborar.<\/p>\n<p><a href=\"http:\/\/www.multiusos.net\/wp-content\/uploads\/2019\/10\/CARTELCANCROMAMA2019.jpg\"><img loading=\"lazy\" class=\"alignleft size-medium wp-image-29283\" src=\"http:\/\/www.multiusos.net\/wp-content\/uploads\/2019\/10\/CARTELCANCROMAMA2019-300x212.jpg\" alt=\"\" width=\"300\" height=\"212\" srcset=\"https:\/\/www.multiusos.net\/wp-content\/uploads\/2019\/10\/CARTELCANCROMAMA2019-300x212.jpg 300w, https:\/\/www.multiusos.net\/wp-content\/uploads\/2019\/10\/CARTELCANCROMAMA2019-768x543.jpg 768w, https:\/\/www.multiusos.net\/wp-content\/uploads\/2019\/10\/CARTELCANCROMAMA2019-1024x724.jpg 1024w\" sizes=\"(max-width: 300px) 100vw, 300px\" \/><\/a>1. Ti\u00f1amos las instalaciones de rosa. \u00a1No nos falles! Ven a hacer deporte con alg\u00fan elemento (camiseta, gorra\u2026) de este color.<br \/>\n2. Lo recaudado ese d\u00eda en las instalaciones en entradas, venta de toallas, etc, se destinar\u00e1 \u00edntegro a la aecc. \u00a1Anima a tod@s tus amigos y conocidos a participar!<br \/>\n3. Si lo prefieres, haz tu donativo en ES25 2028 5540 3530 4000 3158 indicando en el concepto AECC.<\/p>\n<p>\u00a1Contamos contigo!<\/p>\n<p>Asimismo, ese mismo d\u00eda el Multiusos acoger\u00e1 una masterclass de Zumba en la sala 13 de 10:30 a 12:15h, con los instructores Ana Mart\u00ednez, Mon y Luis Gonz\u00e1lez. \u00a1An\u00edmate y participa!<\/p>\n<\/div>\n","protected":false},"excerpt":{"rendered":"<p>El 18 de octubre el Multiusos Fontes do Sar y el C.D. Santa Isabel se suman al rosa. Las instalaciones celebrar\u00e1n una jornada solidaria en beneficio de la aecc para la lucha contra el c\u00e1ncer de mama en la que todos pod\u00e9is participar. Aqu\u00ed te contamos tres formas de colaborar. 1. Ti\u00f1amos las instalaciones de&#8230;<\/p>\n","protected":false},"author":10,"featured_media":29283,"comment_status":"closed","ping_status":"closed","sticky":false,"template":"","format":"standard","meta":[],"categories":[14],"tags":[],"aioseo_notices":[],"_links":{"self":[{"href":"https:\/\/www.multiusos.net\/es\/wp-json\/wp\/v2\/posts\/29285"}],"collection":[{"href":"https:\/\/www.multiusos.net\/es\/wp-json\/wp\/v2\/posts"}],"about":[{"href":"https:\/\/www.multiusos.net\/es\/wp-json\/wp\/v2\/types\/post"}],"author":[{"embeddable":true,"href":"https:\/\/www.multiusos.net\/es\/wp-json\/wp\/v2\/users\/10"}],"replies":[{"embeddable":true,"href":"https:\/\/www.multiusos.net\/es\/wp-json\/wp\/v2\/comments?post=29285"}],"version-history":[{"count":2,"href":"https:\/\/www.multiusos.net\/es\/wp-json\/wp\/v2\/posts\/29285\/revisions"}],"predecessor-version":[{"id":29288,"href":"https:\/\/www.multiusos.net\/es\/wp-json\/wp\/v2\/posts\/29285\/revisions\/29288"}],"wp:featuredmedia":[{"embeddable":true,"href":"https:\/\/www.multiusos.net\/es\/wp-json\/wp\/v2\/media\/29283"}],"wp:attachment":[{"href":"https:\/\/www.multiusos.net\/es\/wp-json\/wp\/v2\/media?parent=29285"}],"wp:term":[{"taxonomy":"category","embeddable":true,"href":"https:\/\/www.multiusos.net\/es\/wp-json\/wp\/v2\/categories?post=29285"},{"taxonomy":"post_tag","embeddable":true,"href":"https:\/\/www.multiusos.net\/es\/wp-json\/wp\/v2\/tags?post=29285"}],"curies":[{"name":"wp","href":"https:\/\/api.w.org\/{rel}","templated":true}]}}