{"id":29839,"date":"2019-12-20T13:34:40","date_gmt":"2019-12-20T12:34:40","guid":{"rendered":"http:\/\/www.multiusos.net\/?p=29839"},"modified":"2019-12-20T14:48:25","modified_gmt":"2019-12-20T13:48:25","slug":"aviso-cierre-de-la-piscina-fontes-do-sar-y-pistas-de-padel-y-tenis-el-21-de-diciembre-debido-a-la-alerta-naranxa","status":"publish","type":"post","link":"https:\/\/www.multiusos.net\/es\/2019\/12\/20\/aviso-cierre-de-la-piscina-fontes-do-sar-y-pistas-de-padel-y-tenis-el-21-de-diciembre-debido-a-la-alerta-naranxa\/","title":{"rendered":"AVISO: CIERRE de la Piscina Fontes do Sar y pistas de p\u00e1del y tenis el 21 de diciembre debido a la alerta naranja"},"content":{"rendered":"<p><strong><a href=\"http:\/\/www.multiusos.net\/wp-content\/uploads\/2019\/12\/peche-temporal.jpeg\"><img loading=\"lazy\" class=\"alignleft size-medium wp-image-29837\" src=\"http:\/\/www.multiusos.net\/wp-content\/uploads\/2019\/12\/peche-temporal-300x300.jpeg\" alt=\"\" width=\"300\" height=\"300\" srcset=\"https:\/\/www.multiusos.net\/wp-content\/uploads\/2019\/12\/peche-temporal-300x300.jpeg 300w, https:\/\/www.multiusos.net\/wp-content\/uploads\/2019\/12\/peche-temporal-150x150.jpeg 150w, https:\/\/www.multiusos.net\/wp-content\/uploads\/2019\/12\/peche-temporal-768x768.jpeg 768w, https:\/\/www.multiusos.net\/wp-content\/uploads\/2019\/12\/peche-temporal-1024x1024.jpeg 1024w, https:\/\/www.multiusos.net\/wp-content\/uploads\/2019\/12\/peche-temporal-270x270.jpeg 270w, https:\/\/www.multiusos.net\/wp-content\/uploads\/2019\/12\/peche-temporal-207x207.jpeg 207w, https:\/\/www.multiusos.net\/wp-content\/uploads\/2019\/12\/peche-temporal-75x75.jpeg 75w, https:\/\/www.multiusos.net\/wp-content\/uploads\/2019\/12\/peche-temporal.jpeg 2048w\" sizes=\"(max-width: 300px) 100vw, 300px\" \/><\/a>AVISO IMPORTANTE.<\/strong> Debido a la alerta naranxa decretada para el s\u00e1bado 21 de diciembre y por motivos de precauci\u00f3n, l<strong>as <u>piscinas<\/u> Fontes do Sar y las <u>pistas de p\u00e1del y tenis<\/u> Fontes do Sar permanecer\u00e1n CERRADAS<\/strong> al p\u00fablico durante toda la jornada.<\/p>\n","protected":false},"excerpt":{"rendered":"<p>AVISO IMPORTANTE. Debido a la alerta naranxa decretada para el s\u00e1bado 21 de diciembre y por motivos de precauci\u00f3n, las piscinas Fontes do Sar y las pistas de p\u00e1del y tenis Fontes do Sar permanecer\u00e1n CERRADAS al p\u00fablico durante toda la jornada.<\/p>\n","protected":false},"author":10,"featured_media":29837,"comment_status":"closed","ping_status":"closed","sticky":false,"template":"","format":"standard","meta":[],"categories":[14],"tags":[],"aioseo_notices":[],"_links":{"self":[{"href":"https:\/\/www.multiusos.net\/es\/wp-json\/wp\/v2\/posts\/29839"}],"collection":[{"href":"https:\/\/www.multiusos.net\/es\/wp-json\/wp\/v2\/posts"}],"about":[{"href":"https:\/\/www.multiusos.net\/es\/wp-json\/wp\/v2\/types\/post"}],"author":[{"embeddable":true,"href":"https:\/\/www.multiusos.net\/es\/wp-json\/wp\/v2\/users\/10"}],"replies":[{"embeddable":true,"href":"https:\/\/www.multiusos.net\/es\/wp-json\/wp\/v2\/comments?post=29839"}],"version-history":[{"count":2,"href":"https:\/\/www.multiusos.net\/es\/wp-json\/wp\/v2\/posts\/29839\/revisions"}],"predecessor-version":[{"id":29847,"href":"https:\/\/www.multiusos.net\/es\/wp-json\/wp\/v2\/posts\/29839\/revisions\/29847"}],"wp:featuredmedia":[{"embeddable":true,"href":"https:\/\/www.multiusos.net\/es\/wp-json\/wp\/v2\/media\/29837"}],"wp:attachment":[{"href":"https:\/\/www.multiusos.net\/es\/wp-json\/wp\/v2\/media?parent=29839"}],"wp:term":[{"taxonomy":"category","embeddable":true,"href":"https:\/\/www.multiusos.net\/es\/wp-json\/wp\/v2\/categories?post=29839"},{"taxonomy":"post_tag","embeddable":true,"href":"https:\/\/www.multiusos.net\/es\/wp-json\/wp\/v2\/tags?post=29839"}],"curies":[{"name":"wp","href":"https:\/\/api.w.org\/{rel}","templated":true}]}}