{"id":30560,"date":"2020-03-13T13:45:40","date_gmt":"2020-03-13T12:45:40","guid":{"rendered":"http:\/\/www.multiusos.net\/?p=30560"},"modified":"2020-03-13T14:13:29","modified_gmt":"2020-03-13T13:13:29","slug":"cierre-temporal-del-multiusos-fontes-do-sar-y-del-c-d-santa-isabel","status":"publish","type":"post","link":"https:\/\/www.multiusos.net\/es\/2020\/03\/13\/cierre-temporal-del-multiusos-fontes-do-sar-y-del-c-d-santa-isabel\/","title":{"rendered":"CIERRE TEMPORAL DEL MULTIUSOS FONTES DO SAR Y DEL C.D. SANTA ISABEL"},"content":{"rendered":"<p>O Consello de Administraci\u00f3n da sociedade mixta Xesti\u00f3n de Actividades Deportivas e Espect\u00e1culos S.L., determinou no d\u00eda de hoxe en reuni\u00f3n extraordinaria a suspensi\u00f3n temporal da actividade e o peche das d\u00faas instalaci\u00f3ns deportivas que xestiona, o Multiusos Fontes do Sar e o Complexo Deportivo Santa Isabel, dende o s\u00e1bado 14 de marzo ata o venres 27 de marzo, ambas datas inclusive.<\/p>\n<p>A medida, que afecta aos preto de 11.000 usuarios e m\u00e1is de 100 traballadores dos centros, busca garantir a seguridade de todos, favorecer o aillamento e contribuir a evitar a propagaci\u00f3n do Coronavirus (Covid-19).<\/p>\n<p>Debido a esta circunstancia a empresa est\u00e1 a estudar as distintas posibilidades de compensaci\u00f3n aos abonados polos d\u00edas de cese do servizo.<\/p>\n<p>Dende a xerencia das instalaci\u00f3ns trasladamos o noso agradecemento a traballadores e usuarios pola s\u00faa comprensi\u00f3n, e apelamos \u00e1 colaboraci\u00f3n e \u00e1 responsabilidade de todos para poder volver canto antes \u00e1 normalidade.<\/p>\n<p><a href=\"https:\/\/www.multiusos.net\/documentos\/NPpechetemporal.pdf\">Accede aqu\u00ed ao comunicado oficial.<\/a><\/p>\n","protected":false},"excerpt":{"rendered":"<p>O Consello de Administraci\u00f3n da sociedade mixta Xesti\u00f3n de Actividades Deportivas e Espect\u00e1culos S.L., determinou no d\u00eda de hoxe en reuni\u00f3n extraordinaria a suspensi\u00f3n temporal da actividade e o peche das d\u00faas instalaci\u00f3ns deportivas que xestiona, o Multiusos Fontes do Sar e o Complexo Deportivo Santa Isabel, dende o s\u00e1bado 14 de marzo ata o&#8230;<\/p>\n","protected":false},"author":10,"featured_media":30566,"comment_status":"closed","ping_status":"closed","sticky":false,"template":"","format":"standard","meta":[],"categories":[14],"tags":[],"aioseo_notices":[],"_links":{"self":[{"href":"https:\/\/www.multiusos.net\/es\/wp-json\/wp\/v2\/posts\/30560"}],"collection":[{"href":"https:\/\/www.multiusos.net\/es\/wp-json\/wp\/v2\/posts"}],"about":[{"href":"https:\/\/www.multiusos.net\/es\/wp-json\/wp\/v2\/types\/post"}],"author":[{"embeddable":true,"href":"https:\/\/www.multiusos.net\/es\/wp-json\/wp\/v2\/users\/10"}],"replies":[{"embeddable":true,"href":"https:\/\/www.multiusos.net\/es\/wp-json\/wp\/v2\/comments?post=30560"}],"version-history":[{"count":3,"href":"https:\/\/www.multiusos.net\/es\/wp-json\/wp\/v2\/posts\/30560\/revisions"}],"predecessor-version":[{"id":30563,"href":"https:\/\/www.multiusos.net\/es\/wp-json\/wp\/v2\/posts\/30560\/revisions\/30563"}],"wp:featuredmedia":[{"embeddable":true,"href":"https:\/\/www.multiusos.net\/es\/wp-json\/wp\/v2\/media\/30566"}],"wp:attachment":[{"href":"https:\/\/www.multiusos.net\/es\/wp-json\/wp\/v2\/media?parent=30560"}],"wp:term":[{"taxonomy":"category","embeddable":true,"href":"https:\/\/www.multiusos.net\/es\/wp-json\/wp\/v2\/categories?post=30560"},{"taxonomy":"post_tag","embeddable":true,"href":"https:\/\/www.multiusos.net\/es\/wp-json\/wp\/v2\/tags?post=30560"}],"curies":[{"name":"wp","href":"https:\/\/api.w.org\/{rel}","templated":true}]}}