{"id":33609,"date":"2020-09-19T09:58:16","date_gmt":"2020-09-19T07:58:16","guid":{"rendered":"http:\/\/www.multiusos.net\/?p=33609"},"modified":"2020-09-19T09:58:16","modified_gmt":"2020-09-19T07:58:16","slug":"las-piscinas-fontes-do-sar-cambiaran-el-globo-presostatico-por-unha-cubierta-telescopica-y-estaran-temporalmente-cerradas","status":"publish","type":"post","link":"https:\/\/www.multiusos.net\/es\/2020\/09\/19\/las-piscinas-fontes-do-sar-cambiaran-el-globo-presostatico-por-unha-cubierta-telescopica-y-estaran-temporalmente-cerradas\/","title":{"rendered":"Las piscinas Fontes do Sar cambiar\u00e1n el globo presost\u00e1tico por unha cubierta telesc\u00f3pica y estar\u00e1n temporalmente cerradas"},"content":{"rendered":"<p><a href=\"http:\/\/www.multiusos.net\/wp-content\/uploads\/2020\/09\/TELESCOPICA1.jpeg\"><img loading=\"lazy\" class=\"alignleft size-medium wp-image-33607\" src=\"http:\/\/www.multiusos.net\/wp-content\/uploads\/2020\/09\/TELESCOPICA1-300x149.jpeg\" alt=\"\" width=\"300\" height=\"149\" srcset=\"https:\/\/www.multiusos.net\/wp-content\/uploads\/2020\/09\/TELESCOPICA1-300x149.jpeg 300w, https:\/\/www.multiusos.net\/wp-content\/uploads\/2020\/09\/TELESCOPICA1-1024x510.jpeg 1024w, https:\/\/www.multiusos.net\/wp-content\/uploads\/2020\/09\/TELESCOPICA1-768x383.jpeg 768w, https:\/\/www.multiusos.net\/wp-content\/uploads\/2020\/09\/TELESCOPICA1-640x320.jpeg 640w, https:\/\/www.multiusos.net\/wp-content\/uploads\/2020\/09\/TELESCOPICA1.jpeg 1299w\" sizes=\"(max-width: 300px) 100vw, 300px\" \/><\/a>Porque queremos seguir mellorando ao teu lado; porque queremos que desfrutes dunhas mellores instalaci\u00f3ns e de servizos de maior calidade; temos unha nova importante que contarche.<\/p>\n<p>O globo presost\u00e1tico que cubre as piscinas Fontes do Sar durante o inverno ser\u00e1 substituido nos vindeiros meses por unha estrutura telesc\u00f3pica que permitir\u00e1 que todos ga\u00f1emos en comodidade, seguridade e confort. O cambio ser\u00e1 moi positivo e far\u00e1 que sumemos en benestar, en est\u00e9tica, en funcionalidade e en eficiencia enerx\u00e9tica.<\/p>\n<p><strong>Por que agora? <\/strong><\/p>\n<p>Porque a cuberta presost\u00e1tica existente xa non cumpre cos requisitos esixidos na actualidade:<\/p>\n<ol>\n<li>Por seguridade: unha empresa externa acaba de certificar que, debido aos seus anos de uso, o globo que cubre a piscina xa non \u00e9 seguro.<\/li>\n<li>Por protocolos COVID-19: nas circunstancias actuais esta cuberta non permitir\u00eda cumprir cos requisitos esixidos pola Covid-19.<\/li>\n<\/ol>\n<p><strong>Que pasar\u00e1 agora? <\/strong><\/p>\n<p>Mentres dure o proceso de montaxe da nova estrutura, as piscinas Fontes do Sar estar\u00e1n <strong>pechadas temporalmente<\/strong>, ata que poidas desfrutar dun novo espazo de maior calidade. Sabemos que se trata dunha situaci\u00f3n inc\u00f3moda, pero queremos que entendas que \u00e9 algo temporal co obxectivo de que pronto poidas desfrutar dun espazo mellorado.<\/p>\n<p><strong>Que facemos os usuarios que queremos ir nadar? <\/strong><\/p>\n<p>Entretanto, os abonados poderedes seguir utilizando indistintamente ambas instalaci\u00f3ns, co fin de que vaiades \u00e1 que m\u00e1is vos conve\u00f1a e que todos poidades empregar a piscina existente no C.D. Santa Isabel. <strong>O horario deste centro, co fin de que te\u00f1ades m\u00e1is marxe para acceder, ampliarase coa apertura os s\u00e1bados a partir das 8h, e os domingos pola tarde, de 16 a 20 h.<\/strong><\/p>\n<p><strong>Que pasar\u00e1 cos cursi\u00f1os de nataci\u00f3n? <\/strong><\/p>\n<p>Os cursi\u00f1os de nataci\u00f3n celebraranse no C.D. Santa Isabel e poder\u00e1n acceder a eles tanto os abonados desta instalaci\u00f3n como os do Multiusos Fontes do Sar. A inscrici\u00f3n, que nesta edici\u00f3n ser\u00e1 s\u00f3 a trav\u00e9s da web para facilitar os tr\u00e1mites online, abrirase para abonados adultos o 24 de setembro e o d\u00eda seguinte para os nenos. Os non abonados poder\u00e1n anotarse o 29 de setembro no caso dos adultos e o d\u00eda 30 os nenos. A oferta de prazas acorde a estas circunstancias darase a co\u00f1ecer esta semana. Haber\u00e1 cursi\u00f1os de iniciaci\u00f3n, perfeccionamento, maiores de 60 anos, nataci\u00f3n preparto, terap\u00e9utica\u2026<\/p>\n","protected":false},"excerpt":{"rendered":"<p>Porque queremos seguir mellorando ao teu lado; porque queremos que desfrutes dunhas mellores instalaci\u00f3ns e de servizos de maior calidade; temos unha nova importante que contarche. O globo presost\u00e1tico que cubre as piscinas Fontes do Sar durante o inverno ser\u00e1 substituido nos vindeiros meses por unha estrutura telesc\u00f3pica que permitir\u00e1 que todos ga\u00f1emos en comodidade,&#8230;<\/p>\n","protected":false},"author":10,"featured_media":33607,"comment_status":"closed","ping_status":"closed","sticky":false,"template":"","format":"standard","meta":[],"categories":[14],"tags":[],"aioseo_notices":[],"_links":{"self":[{"href":"https:\/\/www.multiusos.net\/es\/wp-json\/wp\/v2\/posts\/33609"}],"collection":[{"href":"https:\/\/www.multiusos.net\/es\/wp-json\/wp\/v2\/posts"}],"about":[{"href":"https:\/\/www.multiusos.net\/es\/wp-json\/wp\/v2\/types\/post"}],"author":[{"embeddable":true,"href":"https:\/\/www.multiusos.net\/es\/wp-json\/wp\/v2\/users\/10"}],"replies":[{"embeddable":true,"href":"https:\/\/www.multiusos.net\/es\/wp-json\/wp\/v2\/comments?post=33609"}],"version-history":[{"count":1,"href":"https:\/\/www.multiusos.net\/es\/wp-json\/wp\/v2\/posts\/33609\/revisions"}],"predecessor-version":[{"id":33610,"href":"https:\/\/www.multiusos.net\/es\/wp-json\/wp\/v2\/posts\/33609\/revisions\/33610"}],"wp:featuredmedia":[{"embeddable":true,"href":"https:\/\/www.multiusos.net\/es\/wp-json\/wp\/v2\/media\/33607"}],"wp:attachment":[{"href":"https:\/\/www.multiusos.net\/es\/wp-json\/wp\/v2\/media?parent=33609"}],"wp:term":[{"taxonomy":"category","embeddable":true,"href":"https:\/\/www.multiusos.net\/es\/wp-json\/wp\/v2\/categories?post=33609"},{"taxonomy":"post_tag","embeddable":true,"href":"https:\/\/www.multiusos.net\/es\/wp-json\/wp\/v2\/tags?post=33609"}],"curies":[{"name":"wp","href":"https:\/\/api.w.org\/{rel}","templated":true}]}}