{"id":35955,"date":"2020-12-04T11:01:43","date_gmt":"2020-12-04T10:01:43","guid":{"rendered":"http:\/\/www.multiusos.net\/?p=35955"},"modified":"2020-12-04T11:01:43","modified_gmt":"2020-12-04T10:01:43","slug":"a-partir-de-manana-vuelve-la-normalidad-a-las-pistas-de-padel-y-tenis-y-retomamos-el-running","status":"publish","type":"post","link":"https:\/\/www.multiusos.net\/es\/2020\/12\/04\/a-partir-de-manana-vuelve-la-normalidad-a-las-pistas-de-padel-y-tenis-y-retomamos-el-running\/","title":{"rendered":"A PARTIR DE MA\u00d1ANA VUELVE LA NORMALIDAD A LAS PISTAS DE P\u00c1DEL Y TENIS Y RETOMAMOS EL RUNNING"},"content":{"rendered":"<p><a href=\"http:\/\/www.multiusos.net\/wp-content\/uploads\/2020\/12\/TenisPa\u00a6\u00fcdel-056.jpg\"><img loading=\"lazy\" class=\"alignleft size-medium wp-image-35953\" src=\"http:\/\/www.multiusos.net\/wp-content\/uploads\/2020\/12\/TenisPa\u00a6\u00fcdel-056-300x200.jpg\" alt=\"\" width=\"300\" height=\"200\" srcset=\"https:\/\/www.multiusos.net\/wp-content\/uploads\/2020\/12\/TenisPa\u00a6\u00fcdel-056-300x200.jpg 300w, https:\/\/www.multiusos.net\/wp-content\/uploads\/2020\/12\/TenisPa\u00a6\u00fcdel-056-1024x683.jpg 1024w, https:\/\/www.multiusos.net\/wp-content\/uploads\/2020\/12\/TenisPa\u00a6\u00fcdel-056-768x512.jpg 768w, https:\/\/www.multiusos.net\/wp-content\/uploads\/2020\/12\/TenisPa\u00a6\u00fcdel-056.jpg 1200w\" sizes=\"(max-width: 300px) 100vw, 300px\" \/><\/a>Desde este s\u00e1bado 5 de diciembre, atendiendo a la nueva situaci\u00f3n epidemiol\u00f3gica en la ciudad de Santiago, volvemos a la normalidad de uso de las pistas de p\u00e1del y tenis Fontes do Sar.<\/p>\n<ul>\n<li>Los alquileres de pista podr\u00e1n ser tambi\u00e9n de no convivientes.<\/li>\n<li>Retomamos los cursos mensuales de p\u00e1del y tenis. Los participantes conservar\u00e1n la plaza que ya ten\u00edan anteriormente, no tendr\u00e1n que hacer ninguna gesti\u00f3n.<\/li>\n<\/ul>\n<p>Por otra parte, la pr\u00f3xima semana tambi\u00e9n volveremos a impartir la actividad de running, para la que como es habitual, es preciso reservar plaza previamente.<\/p>\n","protected":false},"excerpt":{"rendered":"<p>Desde este s\u00e1bado 5 de diciembre, atendiendo a la nueva situaci\u00f3n epidemiol\u00f3gica en la ciudad de Santiago, volvemos a la normalidad de uso de las pistas de p\u00e1del y tenis Fontes do Sar. Los alquileres de pista podr\u00e1n ser tambi\u00e9n de no convivientes. Retomamos los cursos mensuales de p\u00e1del y tenis. Los participantes conservar\u00e1n la&#8230;<\/p>\n","protected":false},"author":10,"featured_media":35953,"comment_status":"closed","ping_status":"closed","sticky":false,"template":"","format":"standard","meta":[],"categories":[14],"tags":[],"aioseo_notices":[],"_links":{"self":[{"href":"https:\/\/www.multiusos.net\/es\/wp-json\/wp\/v2\/posts\/35955"}],"collection":[{"href":"https:\/\/www.multiusos.net\/es\/wp-json\/wp\/v2\/posts"}],"about":[{"href":"https:\/\/www.multiusos.net\/es\/wp-json\/wp\/v2\/types\/post"}],"author":[{"embeddable":true,"href":"https:\/\/www.multiusos.net\/es\/wp-json\/wp\/v2\/users\/10"}],"replies":[{"embeddable":true,"href":"https:\/\/www.multiusos.net\/es\/wp-json\/wp\/v2\/comments?post=35955"}],"version-history":[{"count":1,"href":"https:\/\/www.multiusos.net\/es\/wp-json\/wp\/v2\/posts\/35955\/revisions"}],"predecessor-version":[{"id":35956,"href":"https:\/\/www.multiusos.net\/es\/wp-json\/wp\/v2\/posts\/35955\/revisions\/35956"}],"wp:featuredmedia":[{"embeddable":true,"href":"https:\/\/www.multiusos.net\/es\/wp-json\/wp\/v2\/media\/35953"}],"wp:attachment":[{"href":"https:\/\/www.multiusos.net\/es\/wp-json\/wp\/v2\/media?parent=35955"}],"wp:term":[{"taxonomy":"category","embeddable":true,"href":"https:\/\/www.multiusos.net\/es\/wp-json\/wp\/v2\/categories?post=35955"},{"taxonomy":"post_tag","embeddable":true,"href":"https:\/\/www.multiusos.net\/es\/wp-json\/wp\/v2\/tags?post=35955"}],"curies":[{"name":"wp","href":"https:\/\/api.w.org\/{rel}","templated":true}]}}