{"id":37875,"date":"2021-05-28T10:45:24","date_gmt":"2021-05-28T08:45:24","guid":{"rendered":"http:\/\/www.multiusos.net\/?p=37875"},"modified":"2021-06-02T10:49:25","modified_gmt":"2021-06-02T08:49:25","slug":"prepara-tu-piel-para-el-verano-en-multiestetic","status":"publish","type":"post","link":"https:\/\/www.multiusos.net\/es\/2021\/05\/28\/prepara-tu-piel-para-el-verano-en-multiestetic\/","title":{"rendered":"Prepara tu piel para el verano en MULTIESTETIC"},"content":{"rendered":"<p><a href=\"http:\/\/www.multiusos.net\/wp-content\/uploads\/2021\/06\/19001089_xl-scaled.jpg\"><img loading=\"lazy\" class=\"alignleft size-medium wp-image-37873\" src=\"http:\/\/www.multiusos.net\/wp-content\/uploads\/2021\/06\/19001089_xl-300x200.jpg\" alt=\"\" width=\"300\" height=\"200\" srcset=\"https:\/\/www.multiusos.net\/wp-content\/uploads\/2021\/06\/19001089_xl-300x200.jpg 300w, https:\/\/www.multiusos.net\/wp-content\/uploads\/2021\/06\/19001089_xl-1024x683.jpg 1024w, https:\/\/www.multiusos.net\/wp-content\/uploads\/2021\/06\/19001089_xl-768x512.jpg 768w, https:\/\/www.multiusos.net\/wp-content\/uploads\/2021\/06\/19001089_xl-1536x1024.jpg 1536w, https:\/\/www.multiusos.net\/wp-content\/uploads\/2021\/06\/19001089_xl-2048x1365.jpg 2048w\" sizes=\"(max-width: 300px) 100vw, 300px\" \/><\/a>PREPARA TU PIEL PARA EL VERANO!! &#x1f60e;<\/p>\n<p>&#x1f31e; Ya asoma el mes de junio, se aproxima el verano, y t\u00fa\u2026 \u00bfest\u00e1s preparadx?<\/p>\n<p>&#x1f31e; En MULTIESTETIC encontrar\u00e1s los mejores tratamientos faciales y corporales espec\u00edficos para ti, crioterapia, tratamientos con tecnolog\u00eda T3, presoterapia, depilaci\u00f3n l\u00e1ser, sol\u00e1rium, cavitaci\u00f3n, limpieza de cutis, peeling integral, rejuvenecimiento facial, productos cosm\u00e9ticos de la m\u00e1xima calidad\u2026 y mucho m\u00e1s!<\/p>\n<p>&#x1f31e; Y TODO, CON UN 20% DE DESCUENTO POR SER ABONADX del Multiusos Fontes do Sar o del C.D. Santa Isabel<\/p>\n","protected":false},"excerpt":{"rendered":"<p>PREPARA TU PIEL PARA EL VERANO!! &#x1f60e; &#x1f31e; Ya asoma el mes de junio, se aproxima el verano, y t\u00fa\u2026 \u00bfest\u00e1s preparadx? &#x1f31e; En MULTIESTETIC encontrar\u00e1s los mejores tratamientos faciales y corporales espec\u00edficos para ti, crioterapia, tratamientos con tecnolog\u00eda T3, presoterapia, depilaci\u00f3n l\u00e1ser, sol\u00e1rium, cavitaci\u00f3n, limpieza de cutis, peeling integral, rejuvenecimiento facial, productos cosm\u00e9ticos de&#8230;<\/p>\n","protected":false},"author":10,"featured_media":37873,"comment_status":"closed","ping_status":"closed","sticky":false,"template":"","format":"standard","meta":[],"categories":[16],"tags":[],"aioseo_notices":[],"_links":{"self":[{"href":"https:\/\/www.multiusos.net\/es\/wp-json\/wp\/v2\/posts\/37875"}],"collection":[{"href":"https:\/\/www.multiusos.net\/es\/wp-json\/wp\/v2\/posts"}],"about":[{"href":"https:\/\/www.multiusos.net\/es\/wp-json\/wp\/v2\/types\/post"}],"author":[{"embeddable":true,"href":"https:\/\/www.multiusos.net\/es\/wp-json\/wp\/v2\/users\/10"}],"replies":[{"embeddable":true,"href":"https:\/\/www.multiusos.net\/es\/wp-json\/wp\/v2\/comments?post=37875"}],"version-history":[{"count":1,"href":"https:\/\/www.multiusos.net\/es\/wp-json\/wp\/v2\/posts\/37875\/revisions"}],"predecessor-version":[{"id":37876,"href":"https:\/\/www.multiusos.net\/es\/wp-json\/wp\/v2\/posts\/37875\/revisions\/37876"}],"wp:featuredmedia":[{"embeddable":true,"href":"https:\/\/www.multiusos.net\/es\/wp-json\/wp\/v2\/media\/37873"}],"wp:attachment":[{"href":"https:\/\/www.multiusos.net\/es\/wp-json\/wp\/v2\/media?parent=37875"}],"wp:term":[{"taxonomy":"category","embeddable":true,"href":"https:\/\/www.multiusos.net\/es\/wp-json\/wp\/v2\/categories?post=37875"},{"taxonomy":"post_tag","embeddable":true,"href":"https:\/\/www.multiusos.net\/es\/wp-json\/wp\/v2\/tags?post=37875"}],"curies":[{"name":"wp","href":"https:\/\/api.w.org\/{rel}","templated":true}]}}