{"id":38419,"date":"2021-08-27T11:14:17","date_gmt":"2021-08-27T09:14:17","guid":{"rendered":"http:\/\/www.multiusos.net\/?p=38419"},"modified":"2021-08-27T17:48:58","modified_gmt":"2021-08-27T15:48:58","slug":"en-septiembre-vuelven-nuestras-actividades-kids","status":"publish","type":"post","link":"https:\/\/www.multiusos.net\/es\/2021\/08\/27\/en-septiembre-vuelven-nuestras-actividades-kids\/","title":{"rendered":"En septiembre vuelven nuestras ACTIVIDADES KIDS!"},"content":{"rendered":"<p><a href=\"http:\/\/www.multiusos.net\/wp-content\/uploads\/2021\/08\/ACTIVIDADES-KIDS-scaled.jpg\"><img loading=\"lazy\" class=\"alignleft size-medium wp-image-38416\" src=\"http:\/\/www.multiusos.net\/wp-content\/uploads\/2021\/08\/ACTIVIDADES-KIDS-300x300.jpg\" alt=\"\" width=\"300\" height=\"300\" srcset=\"https:\/\/www.multiusos.net\/wp-content\/uploads\/2021\/08\/ACTIVIDADES-KIDS-300x300.jpg 300w, https:\/\/www.multiusos.net\/wp-content\/uploads\/2021\/08\/ACTIVIDADES-KIDS-1024x1024.jpg 1024w, https:\/\/www.multiusos.net\/wp-content\/uploads\/2021\/08\/ACTIVIDADES-KIDS-150x150.jpg 150w, https:\/\/www.multiusos.net\/wp-content\/uploads\/2021\/08\/ACTIVIDADES-KIDS-768x768.jpg 768w, https:\/\/www.multiusos.net\/wp-content\/uploads\/2021\/08\/ACTIVIDADES-KIDS-1536x1536.jpg 1536w, https:\/\/www.multiusos.net\/wp-content\/uploads\/2021\/08\/ACTIVIDADES-KIDS-2048x2048.jpg 2048w, https:\/\/www.multiusos.net\/wp-content\/uploads\/2021\/08\/ACTIVIDADES-KIDS-270x270.jpg 270w, https:\/\/www.multiusos.net\/wp-content\/uploads\/2021\/08\/ACTIVIDADES-KIDS-207x207.jpg 207w, https:\/\/www.multiusos.net\/wp-content\/uploads\/2021\/08\/ACTIVIDADES-KIDS-75x75.jpg 75w\" sizes=\"(max-width: 300px) 100vw, 300px\" \/><\/a>Esta tempada teremos de novo nas instalaci\u00f3ns do Multiusos Fontes do Sar clases dirixidas para nenos e nenas, por suposto, con prazas limitadas e con todas as medidas Covid en vigor.<\/p>\n<p>Haber\u00e1 clases de KARATE, CAPOEIRA, FULL CONTACT e ZUMBA.<\/p>\n<p>As clases est\u00e1n destinadas s\u00f3 a abonados\/as das instalaci\u00f3ns, tando do Multiusos como de Santa Isabel, con idades comprendidas entre os 6 e os 15 anos e o prezo parte de 6,40\u20ac\/mes. A inscrici\u00f3n abre o luns 30 de agosto.<\/p>\n<p>Toma nota dos horarios:<\/p>\n<p><strong>Capoeira<\/strong><\/p>\n<p>Luns e m\u00e9rcores 18:00-18:45 hrs<\/p>\n<p><strong>Zumba kids<\/strong><\/p>\n<p>Martes e xoves 18:00-18:45 hrs<\/p>\n<p><strong>Karate<\/strong><\/p>\n<p>Martes e xoves 18:00-18:45 hrs<\/p>\n<p><strong>Full Contact<\/strong><\/p>\n<p>Martes 19:00-19:45 hrs<\/p>\n<p>M\u00e9rcores 18:00-18:45 hrs<\/p>\n<p>&nbsp;<\/p>\n","protected":false},"excerpt":{"rendered":"<p>Esta tempada teremos de novo nas instalaci\u00f3ns do Multiusos Fontes do Sar clases dirixidas para nenos e nenas, por suposto, con prazas limitadas e con todas as medidas Covid en vigor. Haber\u00e1 clases de KARATE, CAPOEIRA, FULL CONTACT e ZUMBA. As clases est\u00e1n destinadas s\u00f3 a abonados\/as das instalaci\u00f3ns, tando do Multiusos como de Santa&#8230;<\/p>\n","protected":false},"author":10,"featured_media":38417,"comment_status":"closed","ping_status":"closed","sticky":false,"template":"","format":"standard","meta":[],"categories":[14],"tags":[],"aioseo_notices":[],"_links":{"self":[{"href":"https:\/\/www.multiusos.net\/es\/wp-json\/wp\/v2\/posts\/38419"}],"collection":[{"href":"https:\/\/www.multiusos.net\/es\/wp-json\/wp\/v2\/posts"}],"about":[{"href":"https:\/\/www.multiusos.net\/es\/wp-json\/wp\/v2\/types\/post"}],"author":[{"embeddable":true,"href":"https:\/\/www.multiusos.net\/es\/wp-json\/wp\/v2\/users\/10"}],"replies":[{"embeddable":true,"href":"https:\/\/www.multiusos.net\/es\/wp-json\/wp\/v2\/comments?post=38419"}],"version-history":[{"count":2,"href":"https:\/\/www.multiusos.net\/es\/wp-json\/wp\/v2\/posts\/38419\/revisions"}],"predecessor-version":[{"id":38430,"href":"https:\/\/www.multiusos.net\/es\/wp-json\/wp\/v2\/posts\/38419\/revisions\/38430"}],"wp:featuredmedia":[{"embeddable":true,"href":"https:\/\/www.multiusos.net\/es\/wp-json\/wp\/v2\/media\/38417"}],"wp:attachment":[{"href":"https:\/\/www.multiusos.net\/es\/wp-json\/wp\/v2\/media?parent=38419"}],"wp:term":[{"taxonomy":"category","embeddable":true,"href":"https:\/\/www.multiusos.net\/es\/wp-json\/wp\/v2\/categories?post=38419"},{"taxonomy":"post_tag","embeddable":true,"href":"https:\/\/www.multiusos.net\/es\/wp-json\/wp\/v2\/tags?post=38419"}],"curies":[{"name":"wp","href":"https:\/\/api.w.org\/{rel}","templated":true}]}}