{"id":41464,"date":"2022-06-21T13:49:47","date_gmt":"2022-06-21T11:49:47","guid":{"rendered":"https:\/\/www.multiusos.net\/?p=41464"},"modified":"2022-06-21T13:56:10","modified_gmt":"2022-06-21T11:56:10","slug":"el-27-de-junio-empieza-el-campus-sar","status":"publish","type":"post","link":"https:\/\/www.multiusos.net\/es\/2022\/06\/21\/el-27-de-junio-empieza-el-campus-sar\/","title":{"rendered":"El 27 de junio empieza el Campus Sar"},"content":{"rendered":"<p><img loading=\"lazy\" class=\"alignleft size-medium wp-image-41454\" src=\"http:\/\/www.multiusos.net\/wp-content\/uploads\/2022\/06\/CAMPUS-SAR-300x300.jpg\" alt=\"\" width=\"300\" height=\"300\" srcset=\"https:\/\/www.multiusos.net\/wp-content\/uploads\/2022\/06\/CAMPUS-SAR-300x300.jpg 300w, https:\/\/www.multiusos.net\/wp-content\/uploads\/2022\/06\/CAMPUS-SAR-1024x1024.jpg 1024w, https:\/\/www.multiusos.net\/wp-content\/uploads\/2022\/06\/CAMPUS-SAR-150x150.jpg 150w, https:\/\/www.multiusos.net\/wp-content\/uploads\/2022\/06\/CAMPUS-SAR-768x768.jpg 768w, https:\/\/www.multiusos.net\/wp-content\/uploads\/2022\/06\/CAMPUS-SAR-1536x1536.jpg 1536w, https:\/\/www.multiusos.net\/wp-content\/uploads\/2022\/06\/CAMPUS-SAR-2048x2048.jpg 2048w, https:\/\/www.multiusos.net\/wp-content\/uploads\/2022\/06\/CAMPUS-SAR-270x270.jpg 270w, https:\/\/www.multiusos.net\/wp-content\/uploads\/2022\/06\/CAMPUS-SAR-207x207.jpg 207w, https:\/\/www.multiusos.net\/wp-content\/uploads\/2022\/06\/CAMPUS-SAR-75x75.jpg 75w\" sizes=\"(max-width: 300px) 100vw, 300px\" \/><\/p>\n<p>O luns 27 de xu\u00f1o comezamos con ilusi\u00f3n unha nova edici\u00f3n do Campus Sar, un campamento multidisciplinar para nenos\/as de entre 4 e 16 anos que se desenvolver\u00e1 en horario de ma\u00f1\u00e1s durante todo o ver\u00e1n, ata o inicio do curso escolar en setembro.<\/p>\n<p>A actividade est\u00e1 pensada para nenos\/as de entre 4 e 16 anos. Haber\u00e1 actividades ao aire libre, deporte, actividades acu\u00e1ticas, excursi\u00f3ns en contacto coa natureza, xogos, obradoiros, clases dirixidas, actividades en ingl\u00e9s\u2026 O campamento desenv\u00f3lvese de luns a venres de 8:45 a 14:30h, con opci\u00f3n de ampliaci\u00f3n de 8 a 15h, e o prezo var\u00eda en funci\u00f3n do n\u00famero de semanas escollidas e de se o rapaz\/a \u00e9 abonado\/a dos centros ou non.<\/p>\n<p><em><strong>XA ANOTACHES AO TEU FILLO\/A?<\/strong><\/em><\/p>\n<p><strong><a href=\"http:\/\/1oo.es\/4\">PREME AQU\u00cd para ver a informaci\u00f3n m\u00e1is importante.<\/a><\/strong><\/p>\n<p>A semana previa ao inicio no Campus recibir\u00e1s sempre un sms no que che indicaremos o grupo no que est\u00e1 integrado\/a, para que che sexa m\u00e1is doado o acceso.<\/p>\n<p><em><strong>EST\u00c1S PENSANDO EN ANOTAR AO TEU FILLO\/A?<\/strong><\/em><\/p>\n<p>Nese caso cons\u00faltanos en recepci\u00f3n do Multiusos ou no tel\u00e9fono 981568160 se hai prazas dispo\u00f1ibles na semana que queres.<\/p>\n<p><strong><a href=\"https:\/\/www.multiusos.net\/documentos\/INSCRICIONCAMPUSVERAN2022.pdf\">Preme AQU\u00cd<\/a> para descargar a t\u00faa folla de inscrici\u00f3n e pres\u00e9ntaa en control de accesos do Multiusos ou de Santa Isabel.<\/strong><\/p>\n","protected":false},"excerpt":{"rendered":"<p>O luns 27 de xu\u00f1o comezamos con ilusi\u00f3n unha nova edici\u00f3n do Campus Sar, un campamento multidisciplinar para nenos\/as de entre 4 e 16 anos que se desenvolver\u00e1 en horario de ma\u00f1\u00e1s durante todo o ver\u00e1n, ata o inicio do curso escolar en setembro. A actividade est\u00e1 pensada para nenos\/as de entre 4 e 16&#8230;<\/p>\n","protected":false},"author":10,"featured_media":41463,"comment_status":"closed","ping_status":"closed","sticky":false,"template":"","format":"standard","meta":[],"categories":[14],"tags":[],"aioseo_notices":[],"_links":{"self":[{"href":"https:\/\/www.multiusos.net\/es\/wp-json\/wp\/v2\/posts\/41464"}],"collection":[{"href":"https:\/\/www.multiusos.net\/es\/wp-json\/wp\/v2\/posts"}],"about":[{"href":"https:\/\/www.multiusos.net\/es\/wp-json\/wp\/v2\/types\/post"}],"author":[{"embeddable":true,"href":"https:\/\/www.multiusos.net\/es\/wp-json\/wp\/v2\/users\/10"}],"replies":[{"embeddable":true,"href":"https:\/\/www.multiusos.net\/es\/wp-json\/wp\/v2\/comments?post=41464"}],"version-history":[{"count":4,"href":"https:\/\/www.multiusos.net\/es\/wp-json\/wp\/v2\/posts\/41464\/revisions"}],"predecessor-version":[{"id":41471,"href":"https:\/\/www.multiusos.net\/es\/wp-json\/wp\/v2\/posts\/41464\/revisions\/41471"}],"wp:featuredmedia":[{"embeddable":true,"href":"https:\/\/www.multiusos.net\/es\/wp-json\/wp\/v2\/media\/41463"}],"wp:attachment":[{"href":"https:\/\/www.multiusos.net\/es\/wp-json\/wp\/v2\/media?parent=41464"}],"wp:term":[{"taxonomy":"category","embeddable":true,"href":"https:\/\/www.multiusos.net\/es\/wp-json\/wp\/v2\/categories?post=41464"},{"taxonomy":"post_tag","embeddable":true,"href":"https:\/\/www.multiusos.net\/es\/wp-json\/wp\/v2\/tags?post=41464"}],"curies":[{"name":"wp","href":"https:\/\/api.w.org\/{rel}","templated":true}]}}