{"id":41788,"date":"2022-08-24T11:20:10","date_gmt":"2022-08-24T09:20:10","guid":{"rendered":"https:\/\/www.multiusos.net\/?p=41788"},"modified":"2022-08-25T11:21:57","modified_gmt":"2022-08-25T09:21:57","slug":"ultimas-semanas-no-campus-sar","status":"publish","type":"post","link":"https:\/\/www.multiusos.net\/es\/2022\/08\/24\/ultimas-semanas-no-campus-sar\/","title":{"rendered":"\u00daltimas semanas en el CAMPUS SAR"},"content":{"rendered":"<p><a href=\"http:\/\/www.multiusos.net\/wp-content\/uploads\/2022\/08\/CAMPUS-VISTAS-CDC-OK.jpeg\"><img loading=\"lazy\" class=\"alignleft size-medium wp-image-41785\" src=\"http:\/\/www.multiusos.net\/wp-content\/uploads\/2022\/08\/CAMPUS-VISTAS-CDC-OK-300x225.jpeg\" alt=\"\" width=\"300\" height=\"225\" srcset=\"https:\/\/www.multiusos.net\/wp-content\/uploads\/2022\/08\/CAMPUS-VISTAS-CDC-OK-300x225.jpeg 300w, https:\/\/www.multiusos.net\/wp-content\/uploads\/2022\/08\/CAMPUS-VISTAS-CDC-OK-1024x768.jpeg 1024w, https:\/\/www.multiusos.net\/wp-content\/uploads\/2022\/08\/CAMPUS-VISTAS-CDC-OK-768x576.jpeg 768w, https:\/\/www.multiusos.net\/wp-content\/uploads\/2022\/08\/CAMPUS-VISTAS-CDC-OK-1536x1152.jpeg 1536w, https:\/\/www.multiusos.net\/wp-content\/uploads\/2022\/08\/CAMPUS-VISTAS-CDC-OK.jpeg 1600w\" sizes=\"(max-width: 300px) 100vw, 300px\" \/><\/a>O Campus Sar contin\u00faa coa diversi\u00f3n ata o inicio do curso escolar, o 8 de setembro. A\u00ednda quedan prazas dispo\u00f1ibles para as seguintes semanas:<\/p>\n<ul>\n<li>29 de agosto &#8211; 2 de setembro<\/li>\n<li>1-7 de setembro<\/li>\n<\/ul>\n<p>A actividade est\u00e1 pensada para nenos\/as de entre 4 e 16 anos. Haber\u00e1 actividades ao aire libre, deporte, actividades acu\u00e1ticas, excursi\u00f3ns en contacto coa natureza, xogos, obradoiros, clases dirixidas, actividades en ingl\u00e9s\u2026 O campamento desenv\u00f3lvese de luns a venres de 8:45 a 14:30h, con opci\u00f3n de ampliaci\u00f3n de 8 a 15h, e o prezo var\u00eda en funci\u00f3n do n\u00famero de semanas escollidas e de se o rapaz\/a \u00e9 abonado\/a dos centros ou non.<\/p>\n<p><em><strong>XA ANOTACHES AO TEU FILLO\/A?<\/strong><\/em><\/p>\n<p><strong><a href=\"http:\/\/1oo.es\/4\">PREME AQU\u00cd para ver a informaci\u00f3n m\u00e1is importante.<\/a><\/strong><\/p>\n<p>A semana previa ao inicio no Campus recibir\u00e1s sempre un sms no que che indicaremos o grupo no que est\u00e1 integrado\/a, para que che sexa m\u00e1is doado o acceso.<\/p>\n<p><em><strong>EST\u00c1S PENSANDO EN ANOTAR AO TEU FILLO\/A?<\/strong><\/em><\/p>\n<p>Nese caso cons\u00faltanos en recepci\u00f3n do Multiusos ou no tel\u00e9fono 981568160 se hai prazas dispo\u00f1ibles na semana que queres.<\/p>\n<p><strong><a href=\"https:\/\/www.multiusos.net\/documentos\/INSCRICIONCAMPUSVERAN2022.pdf\">Preme AQU\u00cd<\/a>\u00a0para descargar a t\u00faa folla de inscrici\u00f3n e pres\u00e9ntaa en control de accesos do Multiusos ou de Santa Isabel.<\/strong><\/p>\n","protected":false},"excerpt":{"rendered":"<p>O Campus Sar contin\u00faa coa diversi\u00f3n ata o inicio do curso escolar, o 8 de setembro. A\u00ednda quedan prazas dispo\u00f1ibles para as seguintes semanas: 29 de agosto &#8211; 2 de setembro 1-7 de setembro A actividade est\u00e1 pensada para nenos\/as de entre 4 e 16 anos. Haber\u00e1 actividades ao aire libre, deporte, actividades acu\u00e1ticas, excursi\u00f3ns&#8230;<\/p>\n","protected":false},"author":10,"featured_media":41786,"comment_status":"closed","ping_status":"closed","sticky":false,"template":"","format":"standard","meta":[],"categories":[14],"tags":[],"aioseo_notices":[],"_links":{"self":[{"href":"https:\/\/www.multiusos.net\/es\/wp-json\/wp\/v2\/posts\/41788"}],"collection":[{"href":"https:\/\/www.multiusos.net\/es\/wp-json\/wp\/v2\/posts"}],"about":[{"href":"https:\/\/www.multiusos.net\/es\/wp-json\/wp\/v2\/types\/post"}],"author":[{"embeddable":true,"href":"https:\/\/www.multiusos.net\/es\/wp-json\/wp\/v2\/users\/10"}],"replies":[{"embeddable":true,"href":"https:\/\/www.multiusos.net\/es\/wp-json\/wp\/v2\/comments?post=41788"}],"version-history":[{"count":2,"href":"https:\/\/www.multiusos.net\/es\/wp-json\/wp\/v2\/posts\/41788\/revisions"}],"predecessor-version":[{"id":41790,"href":"https:\/\/www.multiusos.net\/es\/wp-json\/wp\/v2\/posts\/41788\/revisions\/41790"}],"wp:featuredmedia":[{"embeddable":true,"href":"https:\/\/www.multiusos.net\/es\/wp-json\/wp\/v2\/media\/41786"}],"wp:attachment":[{"href":"https:\/\/www.multiusos.net\/es\/wp-json\/wp\/v2\/media?parent=41788"}],"wp:term":[{"taxonomy":"category","embeddable":true,"href":"https:\/\/www.multiusos.net\/es\/wp-json\/wp\/v2\/categories?post=41788"},{"taxonomy":"post_tag","embeddable":true,"href":"https:\/\/www.multiusos.net\/es\/wp-json\/wp\/v2\/tags?post=41788"}],"curies":[{"name":"wp","href":"https:\/\/api.w.org\/{rel}","templated":true}]}}