{"id":42547,"date":"2022-09-27T13:20:07","date_gmt":"2022-09-27T11:20:07","guid":{"rendered":"https:\/\/www.multiusos.net\/?p=42547"},"modified":"2022-09-27T13:52:52","modified_gmt":"2022-09-27T11:52:52","slug":"ultimas-plazas-en-cursillos-de-natacion","status":"publish","type":"post","link":"https:\/\/www.multiusos.net\/es\/2022\/09\/27\/ultimas-plazas-en-cursillos-de-natacion\/","title":{"rendered":"\u00daltimas plazas en cursillos de nataci\u00f3n"},"content":{"rendered":"<p><a href=\"http:\/\/www.multiusos.net\/wp-content\/uploads\/2022\/09\/CURSOS-DE-NATACION-scaled.jpg\"><img loading=\"lazy\" class=\"alignleft size-medium wp-image-41972\" src=\"http:\/\/www.multiusos.net\/wp-content\/uploads\/2022\/09\/CURSOS-DE-NATACION-300x300.jpg\" alt=\"\" width=\"300\" height=\"300\" srcset=\"https:\/\/www.multiusos.net\/wp-content\/uploads\/2022\/09\/CURSOS-DE-NATACION-300x300.jpg 300w, https:\/\/www.multiusos.net\/wp-content\/uploads\/2022\/09\/CURSOS-DE-NATACION-1024x1024.jpg 1024w, https:\/\/www.multiusos.net\/wp-content\/uploads\/2022\/09\/CURSOS-DE-NATACION-150x150.jpg 150w, https:\/\/www.multiusos.net\/wp-content\/uploads\/2022\/09\/CURSOS-DE-NATACION-768x768.jpg 768w, https:\/\/www.multiusos.net\/wp-content\/uploads\/2022\/09\/CURSOS-DE-NATACION-1536x1536.jpg 1536w, https:\/\/www.multiusos.net\/wp-content\/uploads\/2022\/09\/CURSOS-DE-NATACION-2048x2048.jpg 2048w, https:\/\/www.multiusos.net\/wp-content\/uploads\/2022\/09\/CURSOS-DE-NATACION-270x270.jpg 270w, https:\/\/www.multiusos.net\/wp-content\/uploads\/2022\/09\/CURSOS-DE-NATACION-207x207.jpg 207w, https:\/\/www.multiusos.net\/wp-content\/uploads\/2022\/09\/CURSOS-DE-NATACION-75x75.jpg 75w\" sizes=\"(max-width: 300px) 100vw, 300px\" \/><\/a>Contin\u00faa abierta la inscripci\u00f3n PRESENCIAL* para los cursillos de nataci\u00f3n que empiezan en octubre. A\u00fan quedan plazas vacantes para las ni\u00f1as y ni\u00f1os de entre 3 y 13 a\u00f1os y para adultos, tanto en la piscina de Santa Isabel como en la Piscina Fontes do Sar.<\/p>\n<p>Si est\u00e1s interesado\/a, ll\u00e1manos y consulta los horarios disponibles:<\/p>\n<p><strong>Piscina Fontes do Sar: 981568162<\/strong><\/p>\n<p><strong>C.D. Santa Isabel: 981581220<\/strong><\/p>\n<p>Precios por todo el cuatrimestre:<br \/>\n.abonadxs adultos: 9,16 \u20ac<br \/>\n.abonadxs ni\u00f1xs: 6,55 \u20ac<br \/>\n.no abonadxs adultos: 37,05 \u20ac<br \/>\n.no abonadxs ni\u00f1xs: 26,40 \u20ac<\/p>\n<p>* Inscripci\u00f3n online cerrada. Solo te puedes anotar en recepci\u00f3n de los centros.<\/p>\n","protected":false},"excerpt":{"rendered":"<p>Contin\u00faa abierta la inscripci\u00f3n PRESENCIAL* para los cursillos de nataci\u00f3n que empiezan en octubre. A\u00fan quedan plazas vacantes para las ni\u00f1as y ni\u00f1os de entre 3 y 13 a\u00f1os y para adultos, tanto en la piscina de Santa Isabel como en la Piscina Fontes do Sar. Si est\u00e1s interesado\/a, ll\u00e1manos y consulta los horarios disponibles:&#8230;<\/p>\n","protected":false},"author":10,"featured_media":41986,"comment_status":"closed","ping_status":"closed","sticky":false,"template":"","format":"standard","meta":[],"categories":[14],"tags":[],"aioseo_notices":[],"_links":{"self":[{"href":"https:\/\/www.multiusos.net\/es\/wp-json\/wp\/v2\/posts\/42547"}],"collection":[{"href":"https:\/\/www.multiusos.net\/es\/wp-json\/wp\/v2\/posts"}],"about":[{"href":"https:\/\/www.multiusos.net\/es\/wp-json\/wp\/v2\/types\/post"}],"author":[{"embeddable":true,"href":"https:\/\/www.multiusos.net\/es\/wp-json\/wp\/v2\/users\/10"}],"replies":[{"embeddable":true,"href":"https:\/\/www.multiusos.net\/es\/wp-json\/wp\/v2\/comments?post=42547"}],"version-history":[{"count":2,"href":"https:\/\/www.multiusos.net\/es\/wp-json\/wp\/v2\/posts\/42547\/revisions"}],"predecessor-version":[{"id":42552,"href":"https:\/\/www.multiusos.net\/es\/wp-json\/wp\/v2\/posts\/42547\/revisions\/42552"}],"wp:featuredmedia":[{"embeddable":true,"href":"https:\/\/www.multiusos.net\/es\/wp-json\/wp\/v2\/media\/41986"}],"wp:attachment":[{"href":"https:\/\/www.multiusos.net\/es\/wp-json\/wp\/v2\/media?parent=42547"}],"wp:term":[{"taxonomy":"category","embeddable":true,"href":"https:\/\/www.multiusos.net\/es\/wp-json\/wp\/v2\/categories?post=42547"},{"taxonomy":"post_tag","embeddable":true,"href":"https:\/\/www.multiusos.net\/es\/wp-json\/wp\/v2\/tags?post=42547"}],"curies":[{"name":"wp","href":"https:\/\/api.w.org\/{rel}","templated":true}]}}