{"id":43914,"date":"2023-03-21T15:17:41","date_gmt":"2023-03-21T14:17:41","guid":{"rendered":"https:\/\/www.multiusos.net\/?p=43914"},"modified":"2023-03-21T15:18:35","modified_gmt":"2023-03-21T14:18:35","slug":"vuelve-el-campus-sar-en-semana-santa","status":"publish","type":"post","link":"https:\/\/www.multiusos.net\/es\/2023\/03\/21\/vuelve-el-campus-sar-en-semana-santa\/","title":{"rendered":"Vuelve el Campus Sar en Semana Santa"},"content":{"rendered":"<p><a href=\"http:\/\/www.multiusos.net\/wp-content\/uploads\/2023\/03\/CAMPUS-SAR-SEMANA-SANTA-scaled.jpg\"><img loading=\"lazy\" class=\"alignleft size-medium wp-image-43911\" src=\"http:\/\/www.multiusos.net\/wp-content\/uploads\/2023\/03\/CAMPUS-SAR-SEMANA-SANTA-300x300.jpg\" alt=\"\" width=\"300\" height=\"300\" srcset=\"https:\/\/www.multiusos.net\/wp-content\/uploads\/2023\/03\/CAMPUS-SAR-SEMANA-SANTA-300x300.jpg 300w, https:\/\/www.multiusos.net\/wp-content\/uploads\/2023\/03\/CAMPUS-SAR-SEMANA-SANTA-1024x1024.jpg 1024w, https:\/\/www.multiusos.net\/wp-content\/uploads\/2023\/03\/CAMPUS-SAR-SEMANA-SANTA-150x150.jpg 150w, https:\/\/www.multiusos.net\/wp-content\/uploads\/2023\/03\/CAMPUS-SAR-SEMANA-SANTA-768x768.jpg 768w, https:\/\/www.multiusos.net\/wp-content\/uploads\/2023\/03\/CAMPUS-SAR-SEMANA-SANTA-1536x1536.jpg 1536w, https:\/\/www.multiusos.net\/wp-content\/uploads\/2023\/03\/CAMPUS-SAR-SEMANA-SANTA-2048x2048.jpg 2048w, https:\/\/www.multiusos.net\/wp-content\/uploads\/2023\/03\/CAMPUS-SAR-SEMANA-SANTA-270x270.jpg 270w, https:\/\/www.multiusos.net\/wp-content\/uploads\/2023\/03\/CAMPUS-SAR-SEMANA-SANTA-207x207.jpg 207w, https:\/\/www.multiusos.net\/wp-content\/uploads\/2023\/03\/CAMPUS-SAR-SEMANA-SANTA-75x75.jpg 75w\" sizes=\"(max-width: 300px) 100vw, 300px\" \/><\/a>En Semana Santa vuelve nuestro campamento de conciliaci\u00f3n, con actividades deportivas, talleres, juegos, piscina climatizada&#8230;<\/p>\n<p>&#x2714;&#xfe0f;Destinado a ni\u00f1os y ni\u00f1as de entre 4 y 16 a\u00f1os.<br \/>\n&#x2714;&#xfe0f;Los d\u00edas 3, 4, 5 y 10 de abril.<br \/>\n&#x2714;&#xfe0f;De 8:45 a 14:30h<br \/>\n&#x2714;&#xfe0f;Inscripci\u00f3n presencial en recepci\u00f3n de los centros.<br \/>\n&#x2714;&#xfe0f;Precio: 9,90\u20ac\/d\u00eda abonadx \u00b7 14,80\u20ac\/d\u00eda no abonadx<br \/>\n&#x2714;&#xfe0f;Inscripci\u00f3n abierta en recepci\u00f3n de los centros.<\/p>\n","protected":false},"excerpt":{"rendered":"<p>En Semana Santa vuelve nuestro campamento de conciliaci\u00f3n, con actividades deportivas, talleres, juegos, piscina climatizada&#8230; &#x2714;&#xfe0f;Destinado a ni\u00f1os y ni\u00f1as de entre 4 y 16 a\u00f1os. &#x2714;&#xfe0f;Los d\u00edas 3, 4, 5 y 10 de abril. &#x2714;&#xfe0f;De 8:45 a 14:30h &#x2714;&#xfe0f;Inscripci\u00f3n presencial en recepci\u00f3n de los centros. &#x2714;&#xfe0f;Precio: 9,90\u20ac\/d\u00eda abonadx \u00b7 14,80\u20ac\/d\u00eda no abonadx &#x2714;&#xfe0f;Inscripci\u00f3n abierta&#8230;<\/p>\n","protected":false},"author":10,"featured_media":43918,"comment_status":"closed","ping_status":"closed","sticky":false,"template":"","format":"standard","meta":[],"categories":[14],"tags":[],"aioseo_notices":[],"_links":{"self":[{"href":"https:\/\/www.multiusos.net\/es\/wp-json\/wp\/v2\/posts\/43914"}],"collection":[{"href":"https:\/\/www.multiusos.net\/es\/wp-json\/wp\/v2\/posts"}],"about":[{"href":"https:\/\/www.multiusos.net\/es\/wp-json\/wp\/v2\/types\/post"}],"author":[{"embeddable":true,"href":"https:\/\/www.multiusos.net\/es\/wp-json\/wp\/v2\/users\/10"}],"replies":[{"embeddable":true,"href":"https:\/\/www.multiusos.net\/es\/wp-json\/wp\/v2\/comments?post=43914"}],"version-history":[{"count":3,"href":"https:\/\/www.multiusos.net\/es\/wp-json\/wp\/v2\/posts\/43914\/revisions"}],"predecessor-version":[{"id":43917,"href":"https:\/\/www.multiusos.net\/es\/wp-json\/wp\/v2\/posts\/43914\/revisions\/43917"}],"wp:featuredmedia":[{"embeddable":true,"href":"https:\/\/www.multiusos.net\/es\/wp-json\/wp\/v2\/media\/43918"}],"wp:attachment":[{"href":"https:\/\/www.multiusos.net\/es\/wp-json\/wp\/v2\/media?parent=43914"}],"wp:term":[{"taxonomy":"category","embeddable":true,"href":"https:\/\/www.multiusos.net\/es\/wp-json\/wp\/v2\/categories?post=43914"},{"taxonomy":"post_tag","embeddable":true,"href":"https:\/\/www.multiusos.net\/es\/wp-json\/wp\/v2\/tags?post=43914"}],"curies":[{"name":"wp","href":"https:\/\/api.w.org\/{rel}","templated":true}]}}