{"id":44417,"date":"2023-05-23T13:29:28","date_gmt":"2023-05-23T11:29:28","guid":{"rendered":"https:\/\/www.multiusos.net\/?p=44417"},"modified":"2023-08-28T11:07:16","modified_gmt":"2023-08-28T09:07:16","slug":"se-acerca-el-verano-y-el-dia-1-de-junio-ya-estara-disponible-la-piscina-de-sar-en-formato-estival","status":"publish","type":"post","link":"https:\/\/www.multiusos.net\/es\/2023\/05\/23\/se-acerca-el-verano-y-el-dia-1-de-junio-ya-estara-disponible-la-piscina-de-sar-en-formato-estival\/","title":{"rendered":"\u00a1Se acerca el verano! Y el d\u00eda 1 de junio ya estar\u00e1 disponible la piscina de Sar en formato estival"},"content":{"rendered":"<p><a href=\"http:\/\/www.multiusos.net\/wp-content\/uploads\/2023\/05\/PISCINA-VERAN.jpeg\"><img loading=\"lazy\" class=\"alignleft size-medium wp-image-44414\" src=\"http:\/\/www.multiusos.net\/wp-content\/uploads\/2023\/05\/PISCINA-VERAN-300x225.jpeg\" alt=\"\" width=\"300\" height=\"225\" srcset=\"https:\/\/www.multiusos.net\/wp-content\/uploads\/2023\/05\/PISCINA-VERAN-300x225.jpeg 300w, https:\/\/www.multiusos.net\/wp-content\/uploads\/2023\/05\/PISCINA-VERAN-1024x768.jpeg 1024w, https:\/\/www.multiusos.net\/wp-content\/uploads\/2023\/05\/PISCINA-VERAN-768x576.jpeg 768w, https:\/\/www.multiusos.net\/wp-content\/uploads\/2023\/05\/PISCINA-VERAN-1536x1152.jpeg 1536w, https:\/\/www.multiusos.net\/wp-content\/uploads\/2023\/05\/PISCINA-VERAN.jpeg 2048w\" sizes=\"(max-width: 300px) 100vw, 300px\" \/><\/a><\/p>\n<ul>\n<li>A cuberta ir\u00e1 adapt\u00e1ndose en funci\u00f3n das condici\u00f3ns meteorol\u00f3xicas.<\/li>\n<li>\u00a0A piscina deixar\u00e1 de estar climatizada.<\/li>\n<li>O horario de apertura ser\u00e1 de luns a domingo de 11 a 21h.<\/li>\n<li>Temporalmente manteremos o servizo de sauna e ba\u00f1o de vapor.<\/li>\n<li>Lembra que xs abonadxs podedes ir indistintamente a Sar e a Santa Isabel.<\/li>\n<\/ul>\n","protected":false},"excerpt":{"rendered":"<p>A cuberta ir\u00e1 adapt\u00e1ndose en funci\u00f3n das condici\u00f3ns meteorol\u00f3xicas. \u00a0A piscina deixar\u00e1 de estar climatizada. O horario de apertura ser\u00e1 de luns a domingo de 11 a 21h. Temporalmente manteremos o servizo de sauna e ba\u00f1o de vapor. Lembra que xs abonadxs podedes ir indistintamente a Sar e a Santa Isabel.<\/p>\n","protected":false},"author":10,"featured_media":44415,"comment_status":"closed","ping_status":"closed","sticky":false,"template":"","format":"standard","meta":[],"categories":[14],"tags":[],"aioseo_notices":[],"_links":{"self":[{"href":"https:\/\/www.multiusos.net\/es\/wp-json\/wp\/v2\/posts\/44417"}],"collection":[{"href":"https:\/\/www.multiusos.net\/es\/wp-json\/wp\/v2\/posts"}],"about":[{"href":"https:\/\/www.multiusos.net\/es\/wp-json\/wp\/v2\/types\/post"}],"author":[{"embeddable":true,"href":"https:\/\/www.multiusos.net\/es\/wp-json\/wp\/v2\/users\/10"}],"replies":[{"embeddable":true,"href":"https:\/\/www.multiusos.net\/es\/wp-json\/wp\/v2\/comments?post=44417"}],"version-history":[{"count":3,"href":"https:\/\/www.multiusos.net\/es\/wp-json\/wp\/v2\/posts\/44417\/revisions"}],"predecessor-version":[{"id":44420,"href":"https:\/\/www.multiusos.net\/es\/wp-json\/wp\/v2\/posts\/44417\/revisions\/44420"}],"wp:featuredmedia":[{"embeddable":true,"href":"https:\/\/www.multiusos.net\/es\/wp-json\/wp\/v2\/media\/44415"}],"wp:attachment":[{"href":"https:\/\/www.multiusos.net\/es\/wp-json\/wp\/v2\/media?parent=44417"}],"wp:term":[{"taxonomy":"category","embeddable":true,"href":"https:\/\/www.multiusos.net\/es\/wp-json\/wp\/v2\/categories?post=44417"},{"taxonomy":"post_tag","embeddable":true,"href":"https:\/\/www.multiusos.net\/es\/wp-json\/wp\/v2\/tags?post=44417"}],"curies":[{"name":"wp","href":"https:\/\/api.w.org\/{rel}","templated":true}]}}