{"id":45025,"date":"2023-08-23T11:18:03","date_gmt":"2023-08-23T09:18:03","guid":{"rendered":"https:\/\/www.multiusos.net\/?p=45025"},"modified":"2023-08-28T11:18:31","modified_gmt":"2023-08-28T09:18:31","slug":"ultimas-semanas-do-campus-sar","status":"publish","type":"post","link":"https:\/\/www.multiusos.net\/es\/2023\/08\/23\/ultimas-semanas-do-campus-sar\/","title":{"rendered":"\u00daltimas semanas del Campus Sar"},"content":{"rendered":"<p>O Campus Sar contin\u00faa coa diversi\u00f3n ata o inicio do curso escolar. A\u00ednda quedan prazas dispo\u00f1ibles para as seguintes semanas:<\/p>\n<p>28 de agosto \u2013 1 de setembro<br \/>\n4-8 de setembro<\/p>\n<p><strong><a href=\"http:\/\/www.multiusos.net\/wp-content\/uploads\/2023\/08\/CAMPUS-SAR-23A.jpg\"><img loading=\"lazy\" class=\"alignnone size-medium wp-image-45020\" src=\"http:\/\/www.multiusos.net\/wp-content\/uploads\/2023\/08\/CAMPUS-SAR-23A-240x300.jpg\" alt=\"\" width=\"240\" height=\"300\" srcset=\"https:\/\/www.multiusos.net\/wp-content\/uploads\/2023\/08\/CAMPUS-SAR-23A-240x300.jpg 240w, https:\/\/www.multiusos.net\/wp-content\/uploads\/2023\/08\/CAMPUS-SAR-23A-819x1024.jpg 819w, https:\/\/www.multiusos.net\/wp-content\/uploads\/2023\/08\/CAMPUS-SAR-23A-768x960.jpg 768w, https:\/\/www.multiusos.net\/wp-content\/uploads\/2023\/08\/CAMPUS-SAR-23A-1229x1536.jpg 1229w, https:\/\/www.multiusos.net\/wp-content\/uploads\/2023\/08\/CAMPUS-SAR-23A.jpg 1280w\" sizes=\"(max-width: 240px) 100vw, 240px\" \/><\/a>IDADES<\/strong><br \/>\nPara rapaces de entre 4 e 16 anos.<\/p>\n<p><strong>ACTIVIDADES<\/strong><br \/>\nActividades ao aire libre \u00b7 actividades deportivas \u00b7 actividades acu\u00e1ticas \u00b7 piscina \u00b7 obradoiros tem\u00e1ticos \u00b7 actividades en ingl\u00e9s \u00b7 baile \u00b7 xogos tradicionais \u00b7 clases dirixidas<\/p>\n<p><strong>ESPAZOS<\/strong><br \/>\nLevarase a cabo no hall de entrada do Multiusos e zona exterior dos arredores, pistas de p\u00e1del e tenis, salas de actividades, piscina\u2026<\/p>\n<p><strong>HORARIOS<\/strong><br \/>\nDe luns a venres con\u00a0<a href=\"http:\/\/www.multiusos.net\/wp-content\/uploads\/2023\/04\/00_Multiusos_Campus_Sar_RRSS_Instagram-carrousel-3-scaled.jpg\"><img loading=\"lazy\" class=\"alignleft size-medium wp-image-44125\" src=\"http:\/\/www.multiusos.net\/wp-content\/uploads\/2023\/04\/00_Multiusos_Campus_Sar_RRSS_Instagram-carrousel-3-300x300.jpg\" sizes=\"(max-width: 300px) 100vw, 300px\" srcset=\"https:\/\/www.multiusos.net\/wp-content\/uploads\/2023\/04\/00_Multiusos_Campus_Sar_RRSS_Instagram-carrousel-3-300x300.jpg 300w, https:\/\/www.multiusos.net\/wp-content\/uploads\/2023\/04\/00_Multiusos_Campus_Sar_RRSS_Instagram-carrousel-3-1024x1024.jpg 1024w, https:\/\/www.multiusos.net\/wp-content\/uploads\/2023\/04\/00_Multiusos_Campus_Sar_RRSS_Instagram-carrousel-3-150x150.jpg 150w, https:\/\/www.multiusos.net\/wp-content\/uploads\/2023\/04\/00_Multiusos_Campus_Sar_RRSS_Instagram-carrousel-3-768x768.jpg 768w, https:\/\/www.multiusos.net\/wp-content\/uploads\/2023\/04\/00_Multiusos_Campus_Sar_RRSS_Instagram-carrousel-3-1536x1536.jpg 1536w, https:\/\/www.multiusos.net\/wp-content\/uploads\/2023\/04\/00_Multiusos_Campus_Sar_RRSS_Instagram-carrousel-3-2048x2048.jpg 2048w, https:\/\/www.multiusos.net\/wp-content\/uploads\/2023\/04\/00_Multiusos_Campus_Sar_RRSS_Instagram-carrousel-3-270x270.jpg 270w, https:\/\/www.multiusos.net\/wp-content\/uploads\/2023\/04\/00_Multiusos_Campus_Sar_RRSS_Instagram-carrousel-3-207x207.jpg 207w, https:\/\/www.multiusos.net\/wp-content\/uploads\/2023\/04\/00_Multiusos_Campus_Sar_RRSS_Instagram-carrousel-3-75x75.jpg 75w\" alt=\"\" width=\"300\" height=\"300\" \/><\/a>diferentes posibilidades:<\/p>\n<p>\u2013 Horario do Campus: 8.45 a 14.30 horas<\/p>\n<p>\u2013 Ampliaci\u00f3n de ma\u00f1\u00e1 (opci\u00f3n de almorzo): 8.00 a 14.30 horas<\/p>\n<p>\u2013 Ampliaci\u00f3n de tarde: 8.45 a 15 horas<\/p>\n<p>\u2013 Ampliaci\u00f3n completa: 8.00 a 15 horas<\/p>\n<p>\u2013 Comedor: o horario ser\u00e1 de 14:30 a 16:00. A recollida ser\u00e1 na cafeter\u00eda do Multiusos.<\/p>\n<p><strong>INSCRICI\u00d3N<\/strong><\/p>\n<p>\u2013\u00a0 De maneira presencial na recepci\u00f3n do Multiusos ou de Santa Isabel.<\/p>\n<p>&nbsp;<\/p>\n<p>Descarga aqu\u00ed a folla de inscrici\u00f3n:\u00a0<a href=\"http:\/\/www.multiusos.net\/wp-content\/uploads\/2023\/04\/INSCRICIONCAMPUSSARVERAN2023.pdf\">INSCRICIONCAMPUSSARVER\u00c1N2023<\/a><\/p>\n","protected":false},"excerpt":{"rendered":"<p>O Campus Sar contin\u00faa coa diversi\u00f3n ata o inicio do curso escolar. A\u00ednda quedan prazas dispo\u00f1ibles para as seguintes semanas: 28 de agosto \u2013 1 de setembro 4-8 de setembro IDADES Para rapaces de entre 4 e 16 anos. ACTIVIDADES Actividades ao aire libre \u00b7 actividades deportivas \u00b7 actividades acu\u00e1ticas \u00b7 piscina \u00b7 obradoiros tem\u00e1ticos&#8230;<\/p>\n","protected":false},"author":10,"featured_media":45023,"comment_status":"closed","ping_status":"closed","sticky":false,"template":"","format":"standard","meta":[],"categories":[16],"tags":[],"aioseo_notices":[],"_links":{"self":[{"href":"https:\/\/www.multiusos.net\/es\/wp-json\/wp\/v2\/posts\/45025"}],"collection":[{"href":"https:\/\/www.multiusos.net\/es\/wp-json\/wp\/v2\/posts"}],"about":[{"href":"https:\/\/www.multiusos.net\/es\/wp-json\/wp\/v2\/types\/post"}],"author":[{"embeddable":true,"href":"https:\/\/www.multiusos.net\/es\/wp-json\/wp\/v2\/users\/10"}],"replies":[{"embeddable":true,"href":"https:\/\/www.multiusos.net\/es\/wp-json\/wp\/v2\/comments?post=45025"}],"version-history":[{"count":4,"href":"https:\/\/www.multiusos.net\/es\/wp-json\/wp\/v2\/posts\/45025\/revisions"}],"predecessor-version":[{"id":45029,"href":"https:\/\/www.multiusos.net\/es\/wp-json\/wp\/v2\/posts\/45025\/revisions\/45029"}],"wp:featuredmedia":[{"embeddable":true,"href":"https:\/\/www.multiusos.net\/es\/wp-json\/wp\/v2\/media\/45023"}],"wp:attachment":[{"href":"https:\/\/www.multiusos.net\/es\/wp-json\/wp\/v2\/media?parent=45025"}],"wp:term":[{"taxonomy":"category","embeddable":true,"href":"https:\/\/www.multiusos.net\/es\/wp-json\/wp\/v2\/categories?post=45025"},{"taxonomy":"post_tag","embeddable":true,"href":"https:\/\/www.multiusos.net\/es\/wp-json\/wp\/v2\/tags?post=45025"}],"curies":[{"name":"wp","href":"https:\/\/api.w.org\/{rel}","templated":true}]}}