{"id":45796,"date":"2023-10-16T10:04:22","date_gmt":"2023-10-16T08:04:22","guid":{"rendered":"https:\/\/www.multiusos.net\/?p=45796"},"modified":"2023-10-16T10:04:22","modified_gmt":"2023-10-16T08:04:22","slug":"dia-contra-o-cancro-de-mama","status":"publish","type":"post","link":"https:\/\/www.multiusos.net\/es\/2023\/10\/16\/dia-contra-o-cancro-de-mama\/","title":{"rendered":"D\u00eda Contra o Cancro de Mama"},"content":{"rendered":"<p><a href=\"http:\/\/www.multiusos.net\/wp-content\/uploads\/2023\/10\/cancro-mama-OK-scaled.jpg\"><img loading=\"lazy\" class=\"alignnone size-medium wp-image-45791\" src=\"http:\/\/www.multiusos.net\/wp-content\/uploads\/2023\/10\/cancro-mama-OK-300x300.jpg\" alt=\"\" width=\"300\" height=\"300\" srcset=\"https:\/\/www.multiusos.net\/wp-content\/uploads\/2023\/10\/cancro-mama-OK-300x300.jpg 300w, https:\/\/www.multiusos.net\/wp-content\/uploads\/2023\/10\/cancro-mama-OK-1024x1024.jpg 1024w, https:\/\/www.multiusos.net\/wp-content\/uploads\/2023\/10\/cancro-mama-OK-150x150.jpg 150w, https:\/\/www.multiusos.net\/wp-content\/uploads\/2023\/10\/cancro-mama-OK-768x768.jpg 768w, https:\/\/www.multiusos.net\/wp-content\/uploads\/2023\/10\/cancro-mama-OK-1536x1536.jpg 1536w, https:\/\/www.multiusos.net\/wp-content\/uploads\/2023\/10\/cancro-mama-OK-2048x2048.jpg 2048w, https:\/\/www.multiusos.net\/wp-content\/uploads\/2023\/10\/cancro-mama-OK-270x270.jpg 270w, https:\/\/www.multiusos.net\/wp-content\/uploads\/2023\/10\/cancro-mama-OK-207x207.jpg 207w, https:\/\/www.multiusos.net\/wp-content\/uploads\/2023\/10\/cancro-mama-OK-75x75.jpg 75w\" sizes=\"(max-width: 300px) 100vw, 300px\" \/><\/a>Os d\u00edas 18 e 19 de outubro os centros \u00fanense nunha cita solidaria para colaborar no D\u00eda Contra o Cancro de Mama.<\/p>\n<p>Como podes axudar?<\/p>\n<ol>\n<li>Ven vestidx de rosa para visibilizar.<\/li>\n<li>Fai a t\u00faa aportaci\u00f3n.<\/li>\n<li>Adquire merchandising da aecc.<\/li>\n<\/ol>\n<p>Fagamos forza contra o cantro de mama. O rosa \u00e9 m\u00e1is que unha cor!<\/p>\n","protected":false},"excerpt":{"rendered":"<p>Os d\u00edas 18 e 19 de outubro os centros \u00fanense nunha cita solidaria para colaborar no D\u00eda Contra o Cancro de Mama. Como podes axudar? Ven vestidx de rosa para visibilizar. Fai a t\u00faa aportaci\u00f3n. Adquire merchandising da aecc. Fagamos forza contra o cantro de mama. O rosa \u00e9 m\u00e1is que unha cor!<\/p>\n","protected":false},"author":10,"featured_media":45794,"comment_status":"closed","ping_status":"closed","sticky":false,"template":"","format":"standard","meta":[],"categories":[14],"tags":[],"aioseo_notices":[],"_links":{"self":[{"href":"https:\/\/www.multiusos.net\/es\/wp-json\/wp\/v2\/posts\/45796"}],"collection":[{"href":"https:\/\/www.multiusos.net\/es\/wp-json\/wp\/v2\/posts"}],"about":[{"href":"https:\/\/www.multiusos.net\/es\/wp-json\/wp\/v2\/types\/post"}],"author":[{"embeddable":true,"href":"https:\/\/www.multiusos.net\/es\/wp-json\/wp\/v2\/users\/10"}],"replies":[{"embeddable":true,"href":"https:\/\/www.multiusos.net\/es\/wp-json\/wp\/v2\/comments?post=45796"}],"version-history":[{"count":3,"href":"https:\/\/www.multiusos.net\/es\/wp-json\/wp\/v2\/posts\/45796\/revisions"}],"predecessor-version":[{"id":45799,"href":"https:\/\/www.multiusos.net\/es\/wp-json\/wp\/v2\/posts\/45796\/revisions\/45799"}],"wp:featuredmedia":[{"embeddable":true,"href":"https:\/\/www.multiusos.net\/es\/wp-json\/wp\/v2\/media\/45794"}],"wp:attachment":[{"href":"https:\/\/www.multiusos.net\/es\/wp-json\/wp\/v2\/media?parent=45796"}],"wp:term":[{"taxonomy":"category","embeddable":true,"href":"https:\/\/www.multiusos.net\/es\/wp-json\/wp\/v2\/categories?post=45796"},{"taxonomy":"post_tag","embeddable":true,"href":"https:\/\/www.multiusos.net\/es\/wp-json\/wp\/v2\/tags?post=45796"}],"curies":[{"name":"wp","href":"https:\/\/api.w.org\/{rel}","templated":true}]}}