{"id":46183,"date":"2024-01-19T15:00:53","date_gmt":"2024-01-19T14:00:53","guid":{"rendered":"https:\/\/www.multiusos.net\/?p=46183"},"modified":"2024-01-19T15:00:53","modified_gmt":"2024-01-19T14:00:53","slug":"campus-sar-entroido-24","status":"publish","type":"post","link":"https:\/\/www.multiusos.net\/es\/2024\/01\/19\/campus-sar-entroido-24\/","title":{"rendered":"Campus Sar Entroido \u00b424"},"content":{"rendered":"<p>Ach\u00e9gase o Entroido, e durante uns d\u00edas poderemos volver desfrutar do Campus Sar nas instalaci\u00f3ns de MultiSan.<\/p>\n<p>\u00b7 12, 13 e 14 de febreiro de 8.45 a 14h.<br \/>\n\u00b7 Para a cativada de entre 4 e 14 anos.<br \/>\n\u00b7 Con deporte, actividades en ingl\u00e9s, obradoiros de entroido, piscina, p\u00e1del e tenis&#8230;<br \/>\n\u00b7 Prezo:<br \/>\n1 d\u00eda\/abonadx: 10,5\u20ac<br \/>\n1 d\u00eda\/non abonadx: 16\u20ac<br \/>\n\u00b7 Inscrici\u00f3n en recepci\u00f3n dos centros.<\/p>\n<p><a href=\"http:\/\/www.multiusos.net\/wp-content\/uploads\/2024\/01\/Campus-Sar-Entroido-24.jpg\"><img loading=\"lazy\" class=\"alignnone size-medium wp-image-46178\" src=\"http:\/\/www.multiusos.net\/wp-content\/uploads\/2024\/01\/Campus-Sar-Entroido-24-300x300.jpg\" alt=\"\" width=\"300\" height=\"300\" srcset=\"https:\/\/www.multiusos.net\/wp-content\/uploads\/2024\/01\/Campus-Sar-Entroido-24-300x300.jpg 300w, https:\/\/www.multiusos.net\/wp-content\/uploads\/2024\/01\/Campus-Sar-Entroido-24-1024x1024.jpg 1024w, https:\/\/www.multiusos.net\/wp-content\/uploads\/2024\/01\/Campus-Sar-Entroido-24-150x150.jpg 150w, https:\/\/www.multiusos.net\/wp-content\/uploads\/2024\/01\/Campus-Sar-Entroido-24-768x768.jpg 768w, https:\/\/www.multiusos.net\/wp-content\/uploads\/2024\/01\/Campus-Sar-Entroido-24-1536x1536.jpg 1536w, https:\/\/www.multiusos.net\/wp-content\/uploads\/2024\/01\/Campus-Sar-Entroido-24-2048x2048.jpg 2048w, https:\/\/www.multiusos.net\/wp-content\/uploads\/2024\/01\/Campus-Sar-Entroido-24-270x270.jpg 270w, https:\/\/www.multiusos.net\/wp-content\/uploads\/2024\/01\/Campus-Sar-Entroido-24-207x207.jpg 207w, https:\/\/www.multiusos.net\/wp-content\/uploads\/2024\/01\/Campus-Sar-Entroido-24-75x75.jpg 75w\" sizes=\"(max-width: 300px) 100vw, 300px\" \/><\/a><\/p>\n","protected":false},"excerpt":{"rendered":"<p>Ach\u00e9gase o Entroido, e durante uns d\u00edas poderemos volver desfrutar do Campus Sar nas instalaci\u00f3ns de MultiSan. \u00b7 12, 13 e 14 de febreiro de 8.45 a 14h. \u00b7 Para a cativada de entre 4 e 14 anos. \u00b7 Con deporte, actividades en ingl\u00e9s, obradoiros de entroido, piscina, p\u00e1del e tenis&#8230; \u00b7 Prezo: 1 d\u00eda\/abonadx:&#8230;<\/p>\n","protected":false},"author":10,"featured_media":46181,"comment_status":"closed","ping_status":"closed","sticky":false,"template":"","format":"standard","meta":[],"categories":[16],"tags":[],"aioseo_notices":[],"_links":{"self":[{"href":"https:\/\/www.multiusos.net\/es\/wp-json\/wp\/v2\/posts\/46183"}],"collection":[{"href":"https:\/\/www.multiusos.net\/es\/wp-json\/wp\/v2\/posts"}],"about":[{"href":"https:\/\/www.multiusos.net\/es\/wp-json\/wp\/v2\/types\/post"}],"author":[{"embeddable":true,"href":"https:\/\/www.multiusos.net\/es\/wp-json\/wp\/v2\/users\/10"}],"replies":[{"embeddable":true,"href":"https:\/\/www.multiusos.net\/es\/wp-json\/wp\/v2\/comments?post=46183"}],"version-history":[{"count":1,"href":"https:\/\/www.multiusos.net\/es\/wp-json\/wp\/v2\/posts\/46183\/revisions"}],"predecessor-version":[{"id":46184,"href":"https:\/\/www.multiusos.net\/es\/wp-json\/wp\/v2\/posts\/46183\/revisions\/46184"}],"wp:featuredmedia":[{"embeddable":true,"href":"https:\/\/www.multiusos.net\/es\/wp-json\/wp\/v2\/media\/46181"}],"wp:attachment":[{"href":"https:\/\/www.multiusos.net\/es\/wp-json\/wp\/v2\/media?parent=46183"}],"wp:term":[{"taxonomy":"category","embeddable":true,"href":"https:\/\/www.multiusos.net\/es\/wp-json\/wp\/v2\/categories?post=46183"},{"taxonomy":"post_tag","embeddable":true,"href":"https:\/\/www.multiusos.net\/es\/wp-json\/wp\/v2\/tags?post=46183"}],"curies":[{"name":"wp","href":"https:\/\/api.w.org\/{rel}","templated":true}]}}