{"id":46872,"date":"2024-06-19T14:46:26","date_gmt":"2024-06-19T12:46:26","guid":{"rendered":"https:\/\/www.multiusos.net\/?p=46872"},"modified":"2024-06-21T10:34:40","modified_gmt":"2024-06-21T08:34:40","slug":"aberta-a-matricula-para-os-cursos-de-padel-e-tenis-de-xullo","status":"publish","type":"post","link":"https:\/\/www.multiusos.net\/es\/2024\/06\/19\/aberta-a-matricula-para-os-cursos-de-padel-e-tenis-de-xullo\/","title":{"rendered":"Aberta a matr\u00edcula para os cursos de p\u00e1del e tenis de xullo"},"content":{"rendered":"<blockquote><p><a href=\"http:\/\/www.multiusos.net\/wp-content\/uploads\/2024\/06\/CURSOS-PADEL-E-TENIS-scaled.jpg\"><img loading=\"lazy\" class=\"alignnone size-medium wp-image-46867\" src=\"http:\/\/www.multiusos.net\/wp-content\/uploads\/2024\/06\/CURSOS-PADEL-E-TENIS-300x300.jpg\" alt=\"\" width=\"300\" height=\"300\" srcset=\"https:\/\/www.multiusos.net\/wp-content\/uploads\/2024\/06\/CURSOS-PADEL-E-TENIS-300x300.jpg 300w, https:\/\/www.multiusos.net\/wp-content\/uploads\/2024\/06\/CURSOS-PADEL-E-TENIS-1024x1024.jpg 1024w, https:\/\/www.multiusos.net\/wp-content\/uploads\/2024\/06\/CURSOS-PADEL-E-TENIS-150x150.jpg 150w, https:\/\/www.multiusos.net\/wp-content\/uploads\/2024\/06\/CURSOS-PADEL-E-TENIS-768x768.jpg 768w, https:\/\/www.multiusos.net\/wp-content\/uploads\/2024\/06\/CURSOS-PADEL-E-TENIS-1536x1536.jpg 1536w, https:\/\/www.multiusos.net\/wp-content\/uploads\/2024\/06\/CURSOS-PADEL-E-TENIS-2048x2048.jpg 2048w, https:\/\/www.multiusos.net\/wp-content\/uploads\/2024\/06\/CURSOS-PADEL-E-TENIS-270x270.jpg 270w, https:\/\/www.multiusos.net\/wp-content\/uploads\/2024\/06\/CURSOS-PADEL-E-TENIS-207x207.jpg 207w, https:\/\/www.multiusos.net\/wp-content\/uploads\/2024\/06\/CURSOS-PADEL-E-TENIS-75x75.jpg 75w\" sizes=\"(max-width: 300px) 100vw, 300px\" \/><\/a>No mes de xullo celebraranse novos cursi\u00f1os de p\u00e1del e tenis nas pistas Fontes do Sar, para os que xa est\u00e1 aberta a inscrici\u00f3n. Haber\u00e1 clases para o p\u00fablico adulto na primeira quincena, do 1 ao 15 de xullo, e na segunda, dende o d\u00eda 16 ao 31.<\/p><\/blockquote>\n<p>Os interesados\/as poden anotarse na recepci\u00f3n das piscinas Fontes do Sar de luns a domingo en horario de 11 a 15h e de 19 a 21h.<\/p>\n<p>Consulta as prazas dispo\u00f1ibles nos seguintes grupos e horarios:<\/p>\n<p><a href=\"http:\/\/www.multiusos.net\/wp-content\/uploads\/2024\/06\/4bceb10d-204f-446b-8871-c64b95967cfa.jpeg\"><img loading=\"lazy\" class=\"alignnone  wp-image-46876\" src=\"http:\/\/www.multiusos.net\/wp-content\/uploads\/2024\/06\/4bceb10d-204f-446b-8871-c64b95967cfa-300x86.jpeg\" alt=\"\" width=\"562\" height=\"161\" srcset=\"https:\/\/www.multiusos.net\/wp-content\/uploads\/2024\/06\/4bceb10d-204f-446b-8871-c64b95967cfa-300x86.jpeg 300w, https:\/\/www.multiusos.net\/wp-content\/uploads\/2024\/06\/4bceb10d-204f-446b-8871-c64b95967cfa-768x219.jpeg 768w, https:\/\/www.multiusos.net\/wp-content\/uploads\/2024\/06\/4bceb10d-204f-446b-8871-c64b95967cfa.jpeg 814w\" sizes=\"(max-width: 562px) 100vw, 562px\" \/><\/a><\/p>\n<p>*En verde ind\u00edcanse os cursos de p\u00e1del \/ en azul os cursos de tenis<\/p>\n<p>Prezos por quincena:<\/p>\n<p>-Abonado 10\u20ac \/ curso de 1 d\u00eda \u00e1 semana.<\/p>\n<p>-Abonado 13,25\u20ac \/ curso de 2 d\u00edas \u00e1 semana.<\/p>\n<p>-Non Abonado 20\u20ac \/ curso de 1 d\u00eda \u00e1 semana.<\/p>\n<p>-Non Abonado 26,50\u20ac \/ curso de 2 d\u00edas \u00e1 semana.<\/p>\n<p>&nbsp;<\/p>\n<p>&nbsp;<\/p>\n<p>&nbsp;<\/p>\n<p>&nbsp;<\/p>\n","protected":false},"excerpt":{"rendered":"<p>No mes de xullo celebraranse novos cursi\u00f1os de p\u00e1del e tenis nas pistas Fontes do Sar, para os que xa est\u00e1 aberta a inscrici\u00f3n. Haber\u00e1 clases para o p\u00fablico adulto na primeira quincena, do 1 ao 15 de xullo, e na segunda, dende o d\u00eda 16 ao 31. Os interesados\/as poden anotarse na recepci\u00f3n das&#8230;<\/p>\n","protected":false},"author":10,"featured_media":46870,"comment_status":"closed","ping_status":"closed","sticky":false,"template":"","format":"standard","meta":[],"categories":[14],"tags":[],"aioseo_notices":[],"_links":{"self":[{"href":"https:\/\/www.multiusos.net\/es\/wp-json\/wp\/v2\/posts\/46872"}],"collection":[{"href":"https:\/\/www.multiusos.net\/es\/wp-json\/wp\/v2\/posts"}],"about":[{"href":"https:\/\/www.multiusos.net\/es\/wp-json\/wp\/v2\/types\/post"}],"author":[{"embeddable":true,"href":"https:\/\/www.multiusos.net\/es\/wp-json\/wp\/v2\/users\/10"}],"replies":[{"embeddable":true,"href":"https:\/\/www.multiusos.net\/es\/wp-json\/wp\/v2\/comments?post=46872"}],"version-history":[{"count":5,"href":"https:\/\/www.multiusos.net\/es\/wp-json\/wp\/v2\/posts\/46872\/revisions"}],"predecessor-version":[{"id":46883,"href":"https:\/\/www.multiusos.net\/es\/wp-json\/wp\/v2\/posts\/46872\/revisions\/46883"}],"wp:featuredmedia":[{"embeddable":true,"href":"https:\/\/www.multiusos.net\/es\/wp-json\/wp\/v2\/media\/46870"}],"wp:attachment":[{"href":"https:\/\/www.multiusos.net\/es\/wp-json\/wp\/v2\/media?parent=46872"}],"wp:term":[{"taxonomy":"category","embeddable":true,"href":"https:\/\/www.multiusos.net\/es\/wp-json\/wp\/v2\/categories?post=46872"},{"taxonomy":"post_tag","embeddable":true,"href":"https:\/\/www.multiusos.net\/es\/wp-json\/wp\/v2\/tags?post=46872"}],"curies":[{"name":"wp","href":"https:\/\/api.w.org\/{rel}","templated":true}]}}