{"id":47727,"date":"2024-10-14T09:51:40","date_gmt":"2024-10-14T07:51:40","guid":{"rendered":"https:\/\/www.multiusos.net\/?p=47727"},"modified":"2024-10-14T09:51:40","modified_gmt":"2024-10-14T07:51:40","slug":"unimos-fuerzas-contra-el-cancer-de-mama","status":"publish","type":"post","link":"https:\/\/www.multiusos.net\/es\/2024\/10\/14\/unimos-fuerzas-contra-el-cancer-de-mama\/","title":{"rendered":"Unimos fuerzas contra el C\u00e1ncer de Mama"},"content":{"rendered":"<p><a href=\"http:\/\/www.multiusos.net\/wp-content\/uploads\/2024\/10\/SEMANA-CONTRA-O-CANCRO-DE-MAMA-scaled.jpg\"><img loading=\"lazy\" class=\"alignnone size-medium wp-image-47724\" src=\"http:\/\/www.multiusos.net\/wp-content\/uploads\/2024\/10\/SEMANA-CONTRA-O-CANCRO-DE-MAMA-300x300.jpg\" alt=\"\" width=\"300\" height=\"300\" srcset=\"https:\/\/www.multiusos.net\/wp-content\/uploads\/2024\/10\/SEMANA-CONTRA-O-CANCRO-DE-MAMA-300x300.jpg 300w, https:\/\/www.multiusos.net\/wp-content\/uploads\/2024\/10\/SEMANA-CONTRA-O-CANCRO-DE-MAMA-1024x1024.jpg 1024w, https:\/\/www.multiusos.net\/wp-content\/uploads\/2024\/10\/SEMANA-CONTRA-O-CANCRO-DE-MAMA-150x150.jpg 150w, https:\/\/www.multiusos.net\/wp-content\/uploads\/2024\/10\/SEMANA-CONTRA-O-CANCRO-DE-MAMA-768x768.jpg 768w, https:\/\/www.multiusos.net\/wp-content\/uploads\/2024\/10\/SEMANA-CONTRA-O-CANCRO-DE-MAMA-1536x1536.jpg 1536w, https:\/\/www.multiusos.net\/wp-content\/uploads\/2024\/10\/SEMANA-CONTRA-O-CANCRO-DE-MAMA-2048x2048.jpg 2048w, https:\/\/www.multiusos.net\/wp-content\/uploads\/2024\/10\/SEMANA-CONTRA-O-CANCRO-DE-MAMA-270x270.jpg 270w, https:\/\/www.multiusos.net\/wp-content\/uploads\/2024\/10\/SEMANA-CONTRA-O-CANCRO-DE-MAMA-207x207.jpg 207w, https:\/\/www.multiusos.net\/wp-content\/uploads\/2024\/10\/SEMANA-CONTRA-O-CANCRO-DE-MAMA-75x75.jpg 75w\" sizes=\"(max-width: 300px) 100vw, 300px\" \/><\/a>Do 14 ao 19 de outubro os centros MultiSan sum\u00e1monos ao rosa da prevenci\u00f3n, a investigaci\u00f3n e o apoio \u00e1s persoas que padecen esta enfermidade.<\/p>\n<p>E contamos contigo!<br \/>\n-Para axudar a visibilizar, v\u00e9n vestidx desta cor.<br \/>\n-O xoves fai a t\u00faa aportaci\u00f3n na hucha ou adquire merchandising no stand que ter\u00e1 a aecc nas instalaci\u00f3ns.<br \/>\n-Participa nunha das actividades especiais (consulta co teu instrutorx).<\/p>\n<p>Porque o rosa \u00e9 m\u00e1is que unha cor!<\/p>\n","protected":false},"excerpt":{"rendered":"<p>Do 14 ao 19 de outubro os centros MultiSan sum\u00e1monos ao rosa da prevenci\u00f3n, a investigaci\u00f3n e o apoio \u00e1s persoas que padecen esta enfermidade. E contamos contigo! -Para axudar a visibilizar, v\u00e9n vestidx desta cor. -O xoves fai a t\u00faa aportaci\u00f3n na hucha ou adquire merchandising no stand que ter\u00e1 a aecc nas instalaci\u00f3ns&#8230;.<\/p>\n","protected":false},"author":10,"featured_media":47725,"comment_status":"closed","ping_status":"closed","sticky":false,"template":"","format":"standard","meta":[],"categories":[14],"tags":[],"aioseo_notices":[],"_links":{"self":[{"href":"https:\/\/www.multiusos.net\/es\/wp-json\/wp\/v2\/posts\/47727"}],"collection":[{"href":"https:\/\/www.multiusos.net\/es\/wp-json\/wp\/v2\/posts"}],"about":[{"href":"https:\/\/www.multiusos.net\/es\/wp-json\/wp\/v2\/types\/post"}],"author":[{"embeddable":true,"href":"https:\/\/www.multiusos.net\/es\/wp-json\/wp\/v2\/users\/10"}],"replies":[{"embeddable":true,"href":"https:\/\/www.multiusos.net\/es\/wp-json\/wp\/v2\/comments?post=47727"}],"version-history":[{"count":3,"href":"https:\/\/www.multiusos.net\/es\/wp-json\/wp\/v2\/posts\/47727\/revisions"}],"predecessor-version":[{"id":47730,"href":"https:\/\/www.multiusos.net\/es\/wp-json\/wp\/v2\/posts\/47727\/revisions\/47730"}],"wp:featuredmedia":[{"embeddable":true,"href":"https:\/\/www.multiusos.net\/es\/wp-json\/wp\/v2\/media\/47725"}],"wp:attachment":[{"href":"https:\/\/www.multiusos.net\/es\/wp-json\/wp\/v2\/media?parent=47727"}],"wp:term":[{"taxonomy":"category","embeddable":true,"href":"https:\/\/www.multiusos.net\/es\/wp-json\/wp\/v2\/categories?post=47727"},{"taxonomy":"post_tag","embeddable":true,"href":"https:\/\/www.multiusos.net\/es\/wp-json\/wp\/v2\/tags?post=47727"}],"curies":[{"name":"wp","href":"https:\/\/api.w.org\/{rel}","templated":true}]}}