{"id":47865,"date":"2024-11-04T14:23:38","date_gmt":"2024-11-04T13:23:38","guid":{"rendered":"https:\/\/www.multiusos.net\/?p=47865"},"modified":"2024-11-05T14:25:43","modified_gmt":"2024-11-05T13:25:43","slug":"o-novo-festival-jaleo-estrearase-no-multiusos-o-5-de-abril-de-2025","status":"publish","type":"post","link":"https:\/\/www.multiusos.net\/es\/2024\/11\/04\/o-novo-festival-jaleo-estrearase-no-multiusos-o-5-de-abril-de-2025\/","title":{"rendered":"O novo festival JALEO! estrearase no Multiusos o 5 de abril de 2025"},"content":{"rendered":"<p><a href=\"http:\/\/www.multiusos.net\/wp-content\/uploads\/2024\/11\/Cartel-Primeras-confirmaciones-scaled.jpg\"><img loading=\"lazy\" class=\"alignnone size-medium wp-image-47860\" src=\"http:\/\/www.multiusos.net\/wp-content\/uploads\/2024\/11\/Cartel-Primeras-confirmaciones-212x300.jpg\" alt=\"\" width=\"212\" height=\"300\" srcset=\"https:\/\/www.multiusos.net\/wp-content\/uploads\/2024\/11\/Cartel-Primeras-confirmaciones-212x300.jpg 212w, https:\/\/www.multiusos.net\/wp-content\/uploads\/2024\/11\/Cartel-Primeras-confirmaciones-724x1024.jpg 724w, https:\/\/www.multiusos.net\/wp-content\/uploads\/2024\/11\/Cartel-Primeras-confirmaciones-768x1086.jpg 768w, https:\/\/www.multiusos.net\/wp-content\/uploads\/2024\/11\/Cartel-Primeras-confirmaciones-1086x1536.jpg 1086w, https:\/\/www.multiusos.net\/wp-content\/uploads\/2024\/11\/Cartel-Primeras-confirmaciones-1448x2048.jpg 1448w, https:\/\/www.multiusos.net\/wp-content\/uploads\/2024\/11\/Cartel-Primeras-confirmaciones-scaled.jpg 1810w\" sizes=\"(max-width: 212px) 100vw, 212px\" \/><\/a>O vindeiro 5 de abril de 2025, Santiago de Compostela acoller\u00e1 o nacemento dun evento musical que promete deixar pegada na escea cultural galega: o Festival Jaleo!. Esta cita, que se celebrar\u00e1 no Multiusos Fontes do Sar, e que conta co apoio da Xunta de Galicia, busca ser unha alternativa fresca aos festivais estivais, transformando unha xornada primaveral nunha experiencia \u00fanica na capital compostelana, co\u00f1ecida pola s\u00faa vibrante vida cultural.<\/p>\n<p>La primera oferta de entradas para el Festival Jaleo! estar\u00e1 disponible el martes 5 de noviembre a las 12:00h a trav\u00e9s de la web oficial festivaljaleo.com y ataquilla.com desde 25\u20ac + gastos.<\/p>\n<p>Primeiros artistas confirmados:<\/p>\n<p>VIVA SUECIA<\/p>\n<p>SEXY ZEBRAS<\/p>\n<p>CARLOS ARES<\/p>\n<p>DAVID VAN BYLEN<\/p>\n<p>M\u00e1is informaci\u00f3n en <a href=\"https:\/\/festivaljaleo.com\/\">www.festivaljaleo.com<\/a><\/p>\n","protected":false},"excerpt":{"rendered":"<p>O vindeiro 5 de abril de 2025, Santiago de Compostela acoller\u00e1 o nacemento dun evento musical que promete deixar pegada na escea cultural galega: o Festival Jaleo!. Esta cita, que se celebrar\u00e1 no Multiusos Fontes do Sar, e que conta co apoio da Xunta de Galicia, busca ser unha alternativa fresca aos festivais estivais, transformando&#8230;<\/p>\n","protected":false},"author":10,"featured_media":47863,"comment_status":"closed","ping_status":"closed","sticky":false,"template":"","format":"standard","meta":[],"categories":[15],"tags":[],"aioseo_notices":[],"_links":{"self":[{"href":"https:\/\/www.multiusos.net\/es\/wp-json\/wp\/v2\/posts\/47865"}],"collection":[{"href":"https:\/\/www.multiusos.net\/es\/wp-json\/wp\/v2\/posts"}],"about":[{"href":"https:\/\/www.multiusos.net\/es\/wp-json\/wp\/v2\/types\/post"}],"author":[{"embeddable":true,"href":"https:\/\/www.multiusos.net\/es\/wp-json\/wp\/v2\/users\/10"}],"replies":[{"embeddable":true,"href":"https:\/\/www.multiusos.net\/es\/wp-json\/wp\/v2\/comments?post=47865"}],"version-history":[{"count":3,"href":"https:\/\/www.multiusos.net\/es\/wp-json\/wp\/v2\/posts\/47865\/revisions"}],"predecessor-version":[{"id":47868,"href":"https:\/\/www.multiusos.net\/es\/wp-json\/wp\/v2\/posts\/47865\/revisions\/47868"}],"wp:featuredmedia":[{"embeddable":true,"href":"https:\/\/www.multiusos.net\/es\/wp-json\/wp\/v2\/media\/47863"}],"wp:attachment":[{"href":"https:\/\/www.multiusos.net\/es\/wp-json\/wp\/v2\/media?parent=47865"}],"wp:term":[{"taxonomy":"category","embeddable":true,"href":"https:\/\/www.multiusos.net\/es\/wp-json\/wp\/v2\/categories?post=47865"},{"taxonomy":"post_tag","embeddable":true,"href":"https:\/\/www.multiusos.net\/es\/wp-json\/wp\/v2\/tags?post=47865"}],"curies":[{"name":"wp","href":"https:\/\/api.w.org\/{rel}","templated":true}]}}