{"id":49725,"date":"2025-10-27T14:40:39","date_gmt":"2025-10-27T13:40:39","guid":{"rendered":"https:\/\/www.multiusos.net\/?p=49725"},"modified":"2025-10-27T14:40:39","modified_gmt":"2025-10-27T13:40:39","slug":"el-festival-jaleo-2026-anuncia-sus-primeros-artistas-confirmados-xoel-lopez-ultraligera-sidonie-y-de-ninghures","status":"publish","type":"post","link":"https:\/\/www.multiusos.net\/es\/2025\/10\/27\/el-festival-jaleo-2026-anuncia-sus-primeros-artistas-confirmados-xoel-lopez-ultraligera-sidonie-y-de-ninghures\/","title":{"rendered":"El Festival Jaleo! 2026 anuncia sus primeros artistas confirmados: Xoel L\u00f3pez, Ultraligera, Sidonie y De Ninghures"},"content":{"rendered":"<p data-start=\"2001\" data-end=\"2376\"><a href=\"http:\/\/www.multiusos.net\/wp-content\/uploads\/2025\/10\/JALEO-2026.jpeg\"><img loading=\"lazy\" class=\"alignnone size-medium wp-image-49723\" src=\"http:\/\/www.multiusos.net\/wp-content\/uploads\/2025\/10\/JALEO-2026-240x300.jpeg\" alt=\"\" width=\"240\" height=\"300\" srcset=\"https:\/\/www.multiusos.net\/wp-content\/uploads\/2025\/10\/JALEO-2026-240x300.jpeg 240w, https:\/\/www.multiusos.net\/wp-content\/uploads\/2025\/10\/JALEO-2026-819x1024.jpeg 819w, https:\/\/www.multiusos.net\/wp-content\/uploads\/2025\/10\/JALEO-2026-768x960.jpeg 768w, https:\/\/www.multiusos.net\/wp-content\/uploads\/2025\/10\/JALEO-2026.jpeg 1080w\" sizes=\"(max-width: 240px) 100vw, 240px\" \/><\/a>El pr\u00f3ximo <strong data-start=\"2012\" data-end=\"2035\">11 de abril de 2026<\/strong>, el <strong data-start=\"2040\" data-end=\"2067\">Multiusos Fontes do Sar<\/strong> volver\u00e1 a convertirse en el epicentro de la buena m\u00fasica y la energ\u00eda en <strong data-start=\"2141\" data-end=\"2167\">Santiago de Compostela<\/strong>. Tras una primera edici\u00f3n que hizo vibrar a la ciudad, el Festival <strong data-start=\"2235\" data-end=\"2245\">Jaleo!<\/strong> regresa con una nueva dosis de m\u00fasica, creatividad y esp\u00edritu festivo para celebrar la llegada de la primavera por todo lo alto.<\/p>\n<p data-start=\"2378\" data-end=\"2806\">Consolidado como una cita imprescindible en el calendario musical gallego, Jaleo! reafirma su vocaci\u00f3n de ofrecer una propuesta diferente, m\u00e1s all\u00e1 del circuito veraniego de festivales. Durante una jornada, la capital gallega se transformar\u00e1 en un punto de encuentro para los amantes de la m\u00fasica y la cultura, un espacio donde la creatividad, la diversidad y la emoci\u00f3n van de la mano en un ambiente vibrante y participativo.<\/p>\n<p data-start=\"2808\" data-end=\"3058\">En su primera edici\u00f3n, el festival reuni\u00f3 a nombres como <strong data-start=\"2865\" data-end=\"2929\">Viva Suecia, Zahara, Carlos Ares, Sexy Zebras, Dani Dicostas<\/strong> y <strong data-start=\"2932\" data-end=\"2954\">David Van Bylen DJ<\/strong>, confirmando que Jaleo! ha llegado para quedarse como una de las grandes citas culturales de Galicia.<\/p>\n<p data-start=\"3060\" data-end=\"3245\"><strong data-start=\"3060\" data-end=\"3103\">Primeros artistas confirmados para 2026<\/strong><br data-start=\"3103\" data-end=\"3106\" \/>El evento da un paso adelante con un cartel que combina talento, autenticidad y diversidad sonora. Los primeros artistas confirmados son:<\/p>\n<ul data-start=\"3246\" data-end=\"3321\">\n<li data-start=\"3246\" data-end=\"3264\">\n<p data-start=\"3248\" data-end=\"3264\"><strong data-start=\"3248\" data-end=\"3262\">Xoel L\u00f3pez<\/strong><\/p>\n<\/li>\n<li data-start=\"3265\" data-end=\"3280\">\n<p data-start=\"3267\" data-end=\"3280\"><strong data-start=\"3267\" data-end=\"3278\">Sidonie<\/strong><\/p>\n<\/li>\n<li data-start=\"3281\" data-end=\"3300\">\n<p data-start=\"3283\" data-end=\"3300\"><strong data-start=\"3283\" data-end=\"3298\">Ultraligera<\/strong><\/p>\n<\/li>\n<li data-start=\"3301\" data-end=\"3321\">\n<p data-start=\"3303\" data-end=\"3321\"><strong data-start=\"3303\" data-end=\"3319\">De Ninghures<\/strong><\/p>\n<\/li>\n<\/ul>\n<p data-start=\"3323\" data-end=\"3615\"><strong data-start=\"3323\" data-end=\"3344\">Venta de entradas<\/strong><br data-start=\"3344\" data-end=\"3347\" \/>El pasado <strong data-start=\"3357\" data-end=\"3374\">14 de octubre<\/strong> se pusieron a la venta los primeros 200 <strong data-start=\"3415\" data-end=\"3437\">Early Bird tickets<\/strong>, que se agotaron en minutos.<br data-start=\"3466\" data-end=\"3469\" \/>Las entradas generales estar\u00e1n disponibles <strong data-start=\"3512\" data-end=\"3552\">el lunes 27 de octubre a las 12:00 h<\/strong> desde 28 \u20ac + gastos de gesti\u00f3n en: <strong data-start=\"3588\" data-end=\"3613\"><a class=\"decorated-link\" href=\"http:\/\/www.festivaljaleo.com\" target=\"_new\" rel=\"noopener\" data-start=\"3590\" data-end=\"3611\">www.festivaljaleo.com<\/a><\/strong><\/p>\n","protected":false},"excerpt":{"rendered":"<p>El pr\u00f3ximo 11 de abril de 2026, el Multiusos Fontes do Sar volver\u00e1 a convertirse en el epicentro de la buena m\u00fasica y la energ\u00eda en Santiago de Compostela. Tras una primera edici\u00f3n que hizo vibrar a la ciudad, el Festival Jaleo! regresa con una nueva dosis de m\u00fasica, creatividad y esp\u00edritu festivo para celebrar&#8230;<\/p>\n","protected":false},"author":10,"featured_media":49723,"comment_status":"closed","ping_status":"closed","sticky":false,"template":"","format":"standard","meta":[],"categories":[15],"tags":[],"aioseo_notices":[],"_links":{"self":[{"href":"https:\/\/www.multiusos.net\/es\/wp-json\/wp\/v2\/posts\/49725"}],"collection":[{"href":"https:\/\/www.multiusos.net\/es\/wp-json\/wp\/v2\/posts"}],"about":[{"href":"https:\/\/www.multiusos.net\/es\/wp-json\/wp\/v2\/types\/post"}],"author":[{"embeddable":true,"href":"https:\/\/www.multiusos.net\/es\/wp-json\/wp\/v2\/users\/10"}],"replies":[{"embeddable":true,"href":"https:\/\/www.multiusos.net\/es\/wp-json\/wp\/v2\/comments?post=49725"}],"version-history":[{"count":1,"href":"https:\/\/www.multiusos.net\/es\/wp-json\/wp\/v2\/posts\/49725\/revisions"}],"predecessor-version":[{"id":49726,"href":"https:\/\/www.multiusos.net\/es\/wp-json\/wp\/v2\/posts\/49725\/revisions\/49726"}],"wp:featuredmedia":[{"embeddable":true,"href":"https:\/\/www.multiusos.net\/es\/wp-json\/wp\/v2\/media\/49723"}],"wp:attachment":[{"href":"https:\/\/www.multiusos.net\/es\/wp-json\/wp\/v2\/media?parent=49725"}],"wp:term":[{"taxonomy":"category","embeddable":true,"href":"https:\/\/www.multiusos.net\/es\/wp-json\/wp\/v2\/categories?post=49725"},{"taxonomy":"post_tag","embeddable":true,"href":"https:\/\/www.multiusos.net\/es\/wp-json\/wp\/v2\/tags?post=49725"}],"curies":[{"name":"wp","href":"https:\/\/api.w.org\/{rel}","templated":true}]}}