{"id":50528,"date":"2026-04-29T14:17:54","date_gmt":"2026-04-29T12:17:54","guid":{"rendered":"https:\/\/www.multiusos.net\/?p=50528"},"modified":"2026-04-29T14:18:29","modified_gmt":"2026-04-29T12:18:29","slug":"campus-sar-verano-2026","status":"publish","type":"post","link":"https:\/\/www.multiusos.net\/es\/2026\/04\/29\/campus-sar-verano-2026\/","title":{"rendered":"Campus Sar verano 2026"},"content":{"rendered":"<p data-path-to-node=\"2\"><a href=\"http:\/\/www.multiusos.net\/wp-content\/uploads\/2026\/04\/CAMPUS-SAR-veran-b-scaled.jpg\"><img loading=\"lazy\" class=\"alignnone size-medium wp-image-50524\" src=\"http:\/\/www.multiusos.net\/wp-content\/uploads\/2026\/04\/CAMPUS-SAR-veran-b-240x300.jpg\" alt=\"\" width=\"240\" height=\"300\" srcset=\"https:\/\/www.multiusos.net\/wp-content\/uploads\/2026\/04\/CAMPUS-SAR-veran-b-240x300.jpg 240w, https:\/\/www.multiusos.net\/wp-content\/uploads\/2026\/04\/CAMPUS-SAR-veran-b-819x1024.jpg 819w, https:\/\/www.multiusos.net\/wp-content\/uploads\/2026\/04\/CAMPUS-SAR-veran-b-768x960.jpg 768w, https:\/\/www.multiusos.net\/wp-content\/uploads\/2026\/04\/CAMPUS-SAR-veran-b-1229x1536.jpg 1229w, https:\/\/www.multiusos.net\/wp-content\/uploads\/2026\/04\/CAMPUS-SAR-veran-b-1638x2048.jpg 1638w, https:\/\/www.multiusos.net\/wp-content\/uploads\/2026\/04\/CAMPUS-SAR-veran-b-scaled.jpg 2048w\" sizes=\"(max-width: 240px) 100vw, 240px\" \/><\/a>Ya est\u00e1 aqu\u00ed el Campus Sar, la mejor alternativa de ocio este verano para ni\u00f1os y ni\u00f1as de 4 a 16 a\u00f1os. Desde el 22 de junio y hasta el inicio del curso, ofreceremos un verano cargado de deporte, piscina, talleres y mucha diversi\u00f3n al aire libre.<\/p>\n<h3 data-path-to-node=\"3\">Fechas de inscripci\u00f3n:<\/h3>\n<ul data-path-to-node=\"4\">\n<li>\n<p data-path-to-node=\"4,0,0\"><b data-path-to-node=\"4,0,0\" data-index-in-node=\"0\">Abonados\/as (Preferente):<\/b> A partir del <b data-path-to-node=\"4,0,0\" data-index-in-node=\"39\">lunes 4 de mayo a las 12:00h<\/b> desde <a href=\"https:\/\/ivgestiondeportiva.com\/privado\/\">AQU\u00cd.<\/a><\/p>\n<\/li>\n<li>\n<p data-path-to-node=\"4,1,0\"><b data-path-to-node=\"4,1,0\" data-index-in-node=\"0\">No abonados\/as:<\/b> A partir del 1 de junio.<\/p>\n<\/li>\n<\/ul>\n<h3 data-path-to-node=\"5\">Informaci\u00f3n:<\/h3>\n<ul data-path-to-node=\"6\">\n<li>\n<p data-path-to-node=\"6,0,0\"><b data-path-to-node=\"6,0,0\" data-index-in-node=\"0\">Actividades:<\/b> Deporte, piscina, p\u00e1del y tenis, actividades en ingl\u00e9s, talleres, planes al aire libre en contacto con la naturaleza, excursiones&#8230;<\/p>\n<\/li>\n<li>\n<p data-path-to-node=\"6,1,0\"><b data-path-to-node=\"6,1,0\" data-index-in-node=\"0\">Horarios:<\/b> De 8:45h a 14:30h.<\/p>\n<\/li>\n<li>\n<p data-path-to-node=\"6,2,0\"><b data-path-to-node=\"6,2,0\" data-index-in-node=\"0\">Conciliaci\u00f3n:<\/b> Opci\u00f3n de madrugadores (8:00h) y comedor (hasta las 16:00h).<\/p>\n<\/li>\n<li>\n<p data-path-to-node=\"6,3,0\"><b data-path-to-node=\"6,3,0\" data-index-in-node=\"0\">Precio:<\/b> Desde 47,30\u20ac\/semana.<\/p>\n<\/li>\n<\/ul>\n","protected":false},"excerpt":{"rendered":"<p>Ya est\u00e1 aqu\u00ed el Campus Sar, la mejor alternativa de ocio este verano para ni\u00f1os y ni\u00f1as de 4 a 16 a\u00f1os. Desde el 22 de junio y hasta el inicio del curso, ofreceremos un verano cargado de deporte, piscina, talleres y mucha diversi\u00f3n al aire libre. Fechas de inscripci\u00f3n: Abonados\/as (Preferente): A partir del&#8230;<\/p>\n","protected":false},"author":10,"featured_media":50526,"comment_status":"closed","ping_status":"closed","sticky":false,"template":"","format":"standard","meta":[],"categories":[14,17],"tags":[],"aioseo_notices":[],"_links":{"self":[{"href":"https:\/\/www.multiusos.net\/es\/wp-json\/wp\/v2\/posts\/50528"}],"collection":[{"href":"https:\/\/www.multiusos.net\/es\/wp-json\/wp\/v2\/posts"}],"about":[{"href":"https:\/\/www.multiusos.net\/es\/wp-json\/wp\/v2\/types\/post"}],"author":[{"embeddable":true,"href":"https:\/\/www.multiusos.net\/es\/wp-json\/wp\/v2\/users\/10"}],"replies":[{"embeddable":true,"href":"https:\/\/www.multiusos.net\/es\/wp-json\/wp\/v2\/comments?post=50528"}],"version-history":[{"count":2,"href":"https:\/\/www.multiusos.net\/es\/wp-json\/wp\/v2\/posts\/50528\/revisions"}],"predecessor-version":[{"id":50530,"href":"https:\/\/www.multiusos.net\/es\/wp-json\/wp\/v2\/posts\/50528\/revisions\/50530"}],"wp:featuredmedia":[{"embeddable":true,"href":"https:\/\/www.multiusos.net\/es\/wp-json\/wp\/v2\/media\/50526"}],"wp:attachment":[{"href":"https:\/\/www.multiusos.net\/es\/wp-json\/wp\/v2\/media?parent=50528"}],"wp:term":[{"taxonomy":"category","embeddable":true,"href":"https:\/\/www.multiusos.net\/es\/wp-json\/wp\/v2\/categories?post=50528"},{"taxonomy":"post_tag","embeddable":true,"href":"https:\/\/www.multiusos.net\/es\/wp-json\/wp\/v2\/tags?post=50528"}],"curies":[{"name":"wp","href":"https:\/\/api.w.org\/{rel}","templated":true}]}}